{"id":10572,"date":"2024-05-01T11:21:32","date_gmt":"2024-05-01T09:21:32","guid":{"rendered":"https:\/\/arvier.eu\/?p=10572"},"modified":"2024-05-03T20:51:09","modified_gmt":"2024-05-03T18:51:09","slug":"chiusura-sr25-valgrisenche-2","status":"publish","type":"post","link":"https:\/\/arvier.eu\/fr\/chiusura-sr25-valgrisenche-2\/","title":{"rendered":"Chiusura SR25 Valgrisenche"},"content":{"rendered":"\n<p>01\/05\/2024 &#8211; Ore 11:00<br>A causa di un dissesto idrogeologico al km 9+500 sulla SR 25 della Valgrisenche (prima di Planaval), la strada \u00e8 chiusa dal bivio di Chamen\u00e7on km 7+00 sino al bivio di Planaval 10+200.<br>La strada rimarr\u00e0 chiusa sino alla revoca dell&rsquo;ordinanza.<\/p>\n","protected":false},"excerpt":{"rendered":"<p>01\/05\/2024 &#8211; Ore 11:00<\/p>\n<p>A causa di un dissesto idrogeologico al km 9+500 sulla SR 25 della Valgrisenche (prima di Planaval), la strada \u00e8 chiusa dal bivio di Chamen\u00e7on km 7+00 sino al bivio di Planaval 10+200.<br \/>\nLa strada rimarr\u00e0 chiusa sino alla revoca dell&rsquo;ordinanza.<\/p>\n","protected":false},"author":4,"featured_media":10043,"comment_status":"closed","ping_status":"open","sticky":false,"template":"","format":"standard","meta":{"footnotes":""},"categories":[39,1],"tags":[],"class_list":["post-10572","post","type-post","status-publish","format-standard","has-post-thumbnail","hentry","category-archivio","category-le-notizie"],"publishpress_future_action":{"enabled":false,"date":"2026-05-07 03:48:28","action":"category-add","newStatus":"draft","terms":[],"taxonomy":"category","extraData":[]},"publishpress_future_workflow_manual_trigger":{"enabledWorkflows":[]},"_links":{"self":[{"href":"https:\/\/arvier.eu\/fr\/wp-json\/wp\/v2\/posts\/10572","targetHints":{"allow":["GET"]}}],"collection":[{"href":"https:\/\/arvier.eu\/fr\/wp-json\/wp\/v2\/posts"}],"about":[{"href":"https:\/\/arvier.eu\/fr\/wp-json\/wp\/v2\/types\/post"}],"author":[{"embeddable":true,"href":"https:\/\/arvier.eu\/fr\/wp-json\/wp\/v2\/users\/4"}],"replies":[{"embeddable":true,"href":"https:\/\/arvier.eu\/fr\/wp-json\/wp\/v2\/comments?post=10572"}],"version-history":[{"count":0,"href":"https:\/\/arvier.eu\/fr\/wp-json\/wp\/v2\/posts\/10572\/revisions"}],"wp:featuredmedia":[{"embeddable":true,"href":"https:\/\/arvier.eu\/fr\/wp-json\/wp\/v2\/media\/10043"}],"wp:attachment":[{"href":"https:\/\/arvier.eu\/fr\/wp-json\/wp\/v2\/media?parent=10572"}],"wp:term":[{"taxonomy":"category","embeddable":true,"href":"https:\/\/arvier.eu\/fr\/wp-json\/wp\/v2\/categories?post=10572"},{"taxonomy":"post_tag","embeddable":true,"href":"https:\/\/arvier.eu\/fr\/wp-json\/wp\/v2\/tags?post=10572"}],"curies":[{"name":"wp","href":"https:\/\/api.w.org\/{rel}","templated":true}]}}