{"id":10594,"date":"2024-05-06T21:25:37","date_gmt":"2024-05-06T19:25:37","guid":{"rendered":"https:\/\/arvier.eu\/?p=10594"},"modified":"2024-05-14T10:05:22","modified_gmt":"2024-05-14T08:05:22","slug":"proiezione-film-la-traccia-di-toni","status":"publish","type":"post","link":"https:\/\/arvier.eu\/fr\/proiezione-film-la-traccia-di-toni\/","title":{"rendered":"Proiezione film &#8211; La Traccia di Toni"},"content":{"rendered":"\n<blockquote class=\"wp-block-quote is-layout-flow wp-block-quote-is-layout-flow\">\n<p><strong>Sabato 10 maggio | ore 20:30 | Sala Polivalente del Comune di Arvier <\/strong><\/p>\n<\/blockquote>\n\n\n\n<p>Lo Comitato Tour du Rutor organizza una serata di proiezione del docufilm \u201cLa Traccia di Toni\u201d dedicato a\u00a0Toni Gobbi\u00a0(1914-1970), famoso alpinista e guida alpina. Il film \u00e8 diretto da Antonio Bocola e prodotto da Grivel.<br>La serata sar\u00e0 presentata da Marco Camandona, Fra<em>\u00e7<\/em>ois Cazzanelli e Oliviero Gobbi.<\/p>\n\n\n\n<figure class=\"wp-block-gallery has-nested-images columns-default is-cropped wp-block-gallery-1 is-layout-flex wp-block-gallery-is-layout-flex\">\n<figure class=\"wp-block-image size-large\"><img loading=\"lazy\" decoding=\"async\" width=\"819\" height=\"1024\" data-id=\"10595\" src=\"https:\/\/arvier.eu\/wp-content\/uploads\/2024\/05\/WhatsApp-Image-2024-05-06-at-09.38.00-819x1024.jpeg\" alt=\"\" class=\"wp-image-10595\" srcset=\"https:\/\/arvier.eu\/wp-content\/uploads\/2024\/05\/WhatsApp-Image-2024-05-06-at-09.38.00-819x1024.jpeg 819w, https:\/\/arvier.eu\/wp-content\/uploads\/2024\/05\/WhatsApp-Image-2024-05-06-at-09.38.00-240x300.jpeg 240w, https:\/\/arvier.eu\/wp-content\/uploads\/2024\/05\/WhatsApp-Image-2024-05-06-at-09.38.00-768x960.jpeg 768w, https:\/\/arvier.eu\/wp-content\/uploads\/2024\/05\/WhatsApp-Image-2024-05-06-at-09.38.00-1229x1536.jpeg 1229w, https:\/\/arvier.eu\/wp-content\/uploads\/2024\/05\/WhatsApp-Image-2024-05-06-at-09.38.00.jpeg 1280w\" sizes=\"auto, (max-width: 819px) 100vw, 819px\" \/><\/figure>\n<\/figure>\n","protected":false},"excerpt":{"rendered":"<p>Il 10 maggio alle ore 20:30, presso la sala polivalente del Comune di Arvier, il Comitato Tour du Rutor organizza una serata di proiezione del docufilm \u00ab\u00a0La traccia di Toni\u00a0\u00bb.<\/p>\n","protected":false},"author":6,"featured_media":10595,"comment_status":"closed","ping_status":"open","sticky":false,"template":"","format":"standard","meta":{"footnotes":""},"categories":[39,1],"tags":[],"class_list":["post-10594","post","type-post","status-publish","format-standard","has-post-thumbnail","hentry","category-archivio","category-le-notizie"],"publishpress_future_action":{"enabled":false,"date":"2026-05-07 07:29:09","action":"category-add","newStatus":"draft","terms":[],"taxonomy":"category","extraData":[]},"publishpress_future_workflow_manual_trigger":{"enabledWorkflows":[]},"_links":{"self":[{"href":"https:\/\/arvier.eu\/fr\/wp-json\/wp\/v2\/posts\/10594","targetHints":{"allow":["GET"]}}],"collection":[{"href":"https:\/\/arvier.eu\/fr\/wp-json\/wp\/v2\/posts"}],"about":[{"href":"https:\/\/arvier.eu\/fr\/wp-json\/wp\/v2\/types\/post"}],"author":[{"embeddable":true,"href":"https:\/\/arvier.eu\/fr\/wp-json\/wp\/v2\/users\/6"}],"replies":[{"embeddable":true,"href":"https:\/\/arvier.eu\/fr\/wp-json\/wp\/v2\/comments?post=10594"}],"version-history":[{"count":0,"href":"https:\/\/arvier.eu\/fr\/wp-json\/wp\/v2\/posts\/10594\/revisions"}],"wp:featuredmedia":[{"embeddable":true,"href":"https:\/\/arvier.eu\/fr\/wp-json\/wp\/v2\/media\/10595"}],"wp:attachment":[{"href":"https:\/\/arvier.eu\/fr\/wp-json\/wp\/v2\/media?parent=10594"}],"wp:term":[{"taxonomy":"category","embeddable":true,"href":"https:\/\/arvier.eu\/fr\/wp-json\/wp\/v2\/categories?post=10594"},{"taxonomy":"post_tag","embeddable":true,"href":"https:\/\/arvier.eu\/fr\/wp-json\/wp\/v2\/tags?post=10594"}],"curies":[{"name":"wp","href":"https:\/\/api.w.org\/{rel}","templated":true}]}}