{"id":10658,"date":"2024-05-22T12:35:00","date_gmt":"2024-05-22T10:35:00","guid":{"rendered":"https:\/\/arvier.eu\/?p=10658"},"modified":"2024-07-15T14:30:43","modified_gmt":"2024-07-15T12:30:43","slug":"attivita-estive-2024-rivolte-ai-minori-proposte-dai-soggetti-accreditati-dallunite-grand-paradis","status":"publish","type":"post","link":"https:\/\/arvier.eu\/fr\/attivita-estive-2024-rivolte-ai-minori-proposte-dai-soggetti-accreditati-dallunite-grand-paradis\/","title":{"rendered":"Videocontest \u00ab\u00a0CIAK4YOUNG\u00a0\u00bb rivolto ai giovani valdostani tra i 14 e i 29 anni"},"content":{"rendered":"\n<p>L\u2019Assessorato Beni e attivit\u00e0 culturali, Sistema educativo e Politiche per le relazioni intergenerazionali organizza, in collaborazione con Film Commissione Vall\u00e9e d\u2019Aoste, la nuova edizione del videocontest \u201cCIAK4YOUNG\u201d rivolto ai giovani valdostani tra i 14 e i 29 anni, compiuti entro la scadenza sotto indicata, affinch\u00e9 realizzino con la loro immaginazione, creativit\u00e0, positivit\u00e0 e capacit\u00e0 di confronto un video cortometraggio (da qui in avanti semplicemente \u201cvideo\u201d) su uno dei seguenti temi:<\/p>\n\n\n\n<ul class=\"wp-block-list\">\n<li>bullismo e\/o altre forme di violenza<\/li>\n\n\n\n<li>riflessioni sulla rappresentanza e sulla parit\u00e0 di genere<\/li>\n\n\n\n<li>emozioni e sentimenti personali<\/li>\n\n\n\n<li>forme di dipendenza<\/li>\n<\/ul>\n\n\n<p>Per partecipare al videocontest \u00e8 necessario compilare e inoltrare, ENTRO E NON OLTRE le ore 23.59 del giorno 20 OTTOBRE 2024, l\u2019apposito modulo ESCLUSIVAMENTE nel formato \u201cGoogle moduli\u201d reperibile sul portale web \u201cQuiJeunes VDA\u201d al link <a href=\"https:\/\/giovani.regione.vda.it\">https:\/\/giovani.regione.vda.it.<\/a><\/p>\n<p><!-- \/wp:post-content --><!-- wp:paragraph --><\/p>\n<p><!-- wp:paragraph --><\/p>\n<p><!-- \/wp:paragraph --><\/p>\n<p><!-- wp:paragraph --><\/p>\n<p><!-- \/wp:paragraph --><\/p>","protected":false},"excerpt":{"rendered":"<p>L\u2019Assessorato Beni e attivit\u00e0 culturali, Sistema educativo e Politiche per le relazioni intergenerazionali organizza, in collaborazione con Film Commissione Vall\u00e9e d\u2019Aoste, la nuova edizione del videocontest \u201cCIAK4YOUNG\u201d rivolto ai giovani valdostani tra i 14 e i 29 anni, compiuti entro la scadenza sotto indicata, affinch\u00e9 realizzino con la loro immaginazione, creativit\u00e0, positivit\u00e0 e capacit\u00e0 di confronto un video cortometraggio (da qui in avanti semplicemente \u201cvideo\u201d) su uno dei seguenti temi:<br \/>\n\u2022 bullismo e\/o altre forme di violenza<br \/>\n\u2022 riflessioni sulla rappresentanza e sulla parit\u00e0 di genere<br \/>\n\u2022 emozioni e sentimenti personali<br \/>\n\u2022 forme di dipendenza<\/p>\n","protected":false},"author":9,"featured_media":10669,"comment_status":"closed","ping_status":"open","sticky":false,"template":"","format":"standard","meta":{"footnotes":""},"categories":[1],"tags":[],"class_list":["post-10658","post","type-post","status-publish","format-standard","has-post-thumbnail","hentry","category-le-notizie"],"publishpress_future_action":{"enabled":false,"date":"2026-05-07 10:44:47","action":"category-add","newStatus":"draft","terms":[],"taxonomy":"category","extraData":[]},"publishpress_future_workflow_manual_trigger":{"enabledWorkflows":[]},"_links":{"self":[{"href":"https:\/\/arvier.eu\/fr\/wp-json\/wp\/v2\/posts\/10658","targetHints":{"allow":["GET"]}}],"collection":[{"href":"https:\/\/arvier.eu\/fr\/wp-json\/wp\/v2\/posts"}],"about":[{"href":"https:\/\/arvier.eu\/fr\/wp-json\/wp\/v2\/types\/post"}],"author":[{"embeddable":true,"href":"https:\/\/arvier.eu\/fr\/wp-json\/wp\/v2\/users\/9"}],"replies":[{"embeddable":true,"href":"https:\/\/arvier.eu\/fr\/wp-json\/wp\/v2\/comments?post=10658"}],"version-history":[{"count":0,"href":"https:\/\/arvier.eu\/fr\/wp-json\/wp\/v2\/posts\/10658\/revisions"}],"wp:featuredmedia":[{"embeddable":true,"href":"https:\/\/arvier.eu\/fr\/wp-json\/wp\/v2\/media\/10669"}],"wp:attachment":[{"href":"https:\/\/arvier.eu\/fr\/wp-json\/wp\/v2\/media?parent=10658"}],"wp:term":[{"taxonomy":"category","embeddable":true,"href":"https:\/\/arvier.eu\/fr\/wp-json\/wp\/v2\/categories?post=10658"},{"taxonomy":"post_tag","embeddable":true,"href":"https:\/\/arvier.eu\/fr\/wp-json\/wp\/v2\/tags?post=10658"}],"curies":[{"name":"wp","href":"https:\/\/api.w.org\/{rel}","templated":true}]}}