{"id":12131,"date":"2025-02-27T12:41:14","date_gmt":"2025-02-27T11:41:14","guid":{"rendered":"https:\/\/arvier.eu\/?p=12131"},"modified":"2025-03-20T16:52:36","modified_gmt":"2025-03-20T15:52:36","slug":"avviso-pubblico-di-co-progettazione-ai-sensi-dellarticolo-55-del-codice-del-terzo-settore-d-lgs-n-117-del-2017-per-la-presentazione-di-proposte-progettuali-per-la-realizzazione-di-attiv","status":"publish","type":"post","link":"https:\/\/arvier.eu\/fr\/avviso-pubblico-di-co-progettazione-ai-sensi-dellarticolo-55-del-codice-del-terzo-settore-d-lgs-n-117-del-2017-per-la-presentazione-di-proposte-progettuali-per-la-realizzazione-di-attiv\/","title":{"rendered":"(Aggiornamento) Avviso pubblico di co-progettazione, ai sensi dell\u2019articolo 55 del Codice del Terzo Settore (d.lgs. n. 117 del 2017), per la presentazione di proposte progettuali per la realizzazione di attivit\u00e0 nell\u2019ambito dell\u2019intervento WP05 Education Lab"},"content":{"rendered":"\n<figure class=\"wp-block-image size-full is-resized\"><img loading=\"lazy\" decoding=\"async\" width=\"1024\" height=\"1005\" src=\"https:\/\/arvier.eu\/wp-content\/uploads\/2025\/02\/WP05_Avviso_Banner.jpg\" alt=\"\" class=\"wp-image-12133\" style=\"width:412px;height:auto\" srcset=\"https:\/\/arvier.eu\/wp-content\/uploads\/2025\/02\/WP05_Avviso_Banner.jpg 1024w, https:\/\/arvier.eu\/wp-content\/uploads\/2025\/02\/WP05_Avviso_Banner-300x294.jpg 300w, https:\/\/arvier.eu\/wp-content\/uploads\/2025\/02\/WP05_Avviso_Banner-768x754.jpg 768w, https:\/\/arvier.eu\/wp-content\/uploads\/2025\/02\/WP05_Avviso_Banner-80x80.jpg 80w\" sizes=\"auto, (max-width: 1024px) 100vw, 1024px\" \/><\/figure>\n\n\n\n<blockquote class=\"wp-block-quote is-layout-flow wp-block-quote-is-layout-flow\">\n<p class=\"has-text-align-center\">Pubblicazione dell\u2019avviso di pubblico di co-progettazione finalizzato alla presentazione di proposte progettuali per la realizzazione di attivit\u00e0 nell&rsquo;ambito dell\u2019intervento WP5 &#8211; Education LAB, a valere sul PNRR, Missione 1, Componente 3 &#8211; Investimento 2.1 \u201cAttrattivit\u00e0 dei Borghi &#8211; Linea A\u201d, a titolarit\u00e0 del Ministero della Cultura, finanziato dall&rsquo;Unione europea &#8211; Next Generation EU nell&rsquo;ambito del Progetto &lsquo;Agile Arvier &#8211; La cultura del cambiamento&rsquo; (CUP F87B22000380001), ai sensi dell&rsquo;art. 55 del Codice del Terzo Settore (D.LGS. n. 117 del 217)<br><br><strong>Aggiornamenti in relazione all&rsquo;Avviso<br><\/strong><br><strong>20\/03\/2025 &#8211; Inserimento di una sezione FAQ e aggiornamento della documentazione da allegare<\/strong><\/p>\n<\/blockquote>\n\n\n\n<hr class=\"wp-block-separator has-alpha-channel-opacity\"\/>\n\n\n\n<h2 class=\"wp-block-heading has-text-align-center\"><strong>SCADENZA<\/strong><br><mark style=\"background-color:rgba(0, 0, 0, 0)\" class=\"has-inline-color has-colore-primario-chiaro-color\"><strong>PER LA PRESENTAZIONE DELLE DOMANDE DI PARTECIPAZIONE<\/strong><br>ORE 12.00 DEL 29 MARZO 2025<\/mark><\/h2>\n\n\n\n<hr class=\"wp-block-separator has-alpha-channel-opacity\"\/>\n\n\n\n<p>Si informa che, con <a href=\"https:\/\/jcity-arvier.partout.it\/web\/trasparenza\/papca-ap\/-\/papca\/display\/112607?p_p_state=pop_up\" data-type=\"link\" data-id=\"https:\/\/jcity-arvier.partout.it\/web\/trasparenza\/papca-ap\/-\/papca\/display\/112607?p_p_state=pop_up\" target=\"_blank\" rel=\"noreferrer noopener\">Determina dirigenziale n. 29, del 27 febbraio 2025<\/a>, \u00e8 stato approvato l\u2019avvio del procedimento di co-progettazione, ai sensi dell&rsquo;Art. 55, c.3 del D.LGS. n. 117\/2017, in relazione all\u2019intervento WP05 Education LAB del Progetto pilota \u2018Agile Arvier \u2013 La cultura del cambiamento\u2019 finanziato dall\u2019Unione europea \u2013 Next Generation EU a valere sul PNRR Missione 1 Componente 3 Investimento 2.1 \u2018Attrattivit\u00e0 dei borghi \u2013 Linea A\u2019, a titolarit\u00e0 del Ministero della Cultura (CUP F87B22000380001) (CLP REGIS 2.1_ARVIER_EDUCATIONLAB) e, contestualmente, approvato l&rsquo;Avviso pubblico di co-progettazione per la presentazione di proposte progettuali per la realizzazione di attivit\u00e0 nell\u2019ambito dell\u2019intervento WP05 Education LAB e i relativi moduli.<\/p>\n\n\n\n<p>Di seguito, si rendono disponibili tutti i documenti necessari per presentare l&rsquo;istanza di partecipazione da parte dei soggetti interessati.<\/p>\n\n\n\n<p>Ulteriori informazioni possono essere richieste al Responsabile del procedimento &#8211; Dott. Gianluca Tripodi &#8211; Dirigente della Struttura temporanea di Progetto PNRR Agile Arvier (tel. 0165\/929001 &#8211; email: info@comune.arvier.ao.it).<\/p>\n\n\n\n<p><strong>Allegati<\/strong>:<\/p>\n\n\n\n<div data-wp-interactive=\"core\/file\" class=\"wp-block-file\"><object data-wp-bind--hidden=\"!state.hasPdfPreview\" hidden class=\"wp-block-file__embed\" data=\"https:\/\/arvier.eu\/wp-content\/uploads\/2025\/02\/WP5_Avviso-coprogettazione_DEF_signed.pdf\" type=\"application\/pdf\" style=\"width:100%;height:600px\" aria-label=\"Contenu embarqu\u00e9 WP5_Avviso coprogettazione_DEF_signed.\"><\/object><a id=\"wp-block-file--media-9936f554-56dd-4bf5-a1b2-49e0ef49fe7c\" href=\"https:\/\/arvier.eu\/wp-content\/uploads\/2025\/02\/WP5_Avviso-coprogettazione_DEF_signed.pdf\">WP5_Avviso coprogettazione_DEF_signed<\/a><a href=\"https:\/\/arvier.eu\/wp-content\/uploads\/2025\/02\/WP5_Avviso-coprogettazione_DEF_signed.pdf\" class=\"wp-block-file__button wp-element-button\" download aria-describedby=\"wp-block-file--media-9936f554-56dd-4bf5-a1b2-49e0ef49fe7c\">Download<\/a><\/div>\n\n\n\n<div class=\"wp-block-file\"><a id=\"wp-block-file--media-92e80690-1404-419a-a758-795ce0fb74bd\" href=\"https:\/\/arvier.eu\/wp-content\/uploads\/2025\/02\/WP5_Modulo-A_domanda-di-partecipazione.docx\">WP5_Modulo A_domanda di partecipazione<\/a><a href=\"https:\/\/arvier.eu\/wp-content\/uploads\/2025\/02\/WP5_Modulo-A_domanda-di-partecipazione.docx\" class=\"wp-block-file__button wp-element-button\" download aria-describedby=\"wp-block-file--media-92e80690-1404-419a-a758-795ce0fb74bd\">Download<\/a><\/div>\n\n\n\n<div class=\"wp-block-file\"><a id=\"wp-block-file--media-22a9c406-f020-4386-9ebb-c0e8c2836592\" href=\"https:\/\/arvier.eu\/wp-content\/uploads\/2025\/02\/WP5_Modulo-B_DGUE-co-progettazione.docx\">WP5_Modulo B_DGUE co-progettazione<\/a><a href=\"https:\/\/arvier.eu\/wp-content\/uploads\/2025\/02\/WP5_Modulo-B_DGUE-co-progettazione.docx\" class=\"wp-block-file__button wp-element-button\" download aria-describedby=\"wp-block-file--media-22a9c406-f020-4386-9ebb-c0e8c2836592\">Download<\/a><\/div>\n\n\n\n<div class=\"wp-block-file\"><a id=\"wp-block-file--media-3f2d8c06-cbcc-4814-b77e-37a5112a3318\" href=\"https:\/\/arvier.eu\/wp-content\/uploads\/2025\/02\/WP5_Modulo-C_dichiarazione-assenza-conflitto-di-interessi.docx\">WP5_Modulo C_DSAN assenza conflitto di interessi<\/a><a href=\"https:\/\/arvier.eu\/wp-content\/uploads\/2025\/02\/WP5_Modulo-C_dichiarazione-assenza-conflitto-di-interessi.docx\" class=\"wp-block-file__button wp-element-button\" download aria-describedby=\"wp-block-file--media-3f2d8c06-cbcc-4814-b77e-37a5112a3318\">Download<\/a><\/div>\n\n\n\n<div class=\"wp-block-file\"><a id=\"wp-block-file--media-0ffb8b47-423b-4339-9c52-de786b81f7f3\" href=\"https:\/\/arvier.eu\/wp-content\/uploads\/2025\/02\/WP5_Modulo-D_dichiarazione-titolare-effettivo.docx\">WP5_Modulo D_DSAN Titolare effettivo<\/a><a href=\"https:\/\/arvier.eu\/wp-content\/uploads\/2025\/02\/WP5_Modulo-D_dichiarazione-titolare-effettivo.docx\" class=\"wp-block-file__button wp-element-button\" download aria-describedby=\"wp-block-file--media-0ffb8b47-423b-4339-9c52-de786b81f7f3\">Download<\/a><\/div>\n\n\n\n<div class=\"wp-block-file\"><a id=\"wp-block-file--media-834290de-c6e0-49f3-bcab-833b69957f22\" href=\"https:\/\/arvier.eu\/wp-content\/uploads\/2025\/02\/WP5_Modulo-E_dichiarazione-articolo-47.docx\">WP5_Modulo E_DSAN Articolo 47<\/a><a href=\"https:\/\/arvier.eu\/wp-content\/uploads\/2025\/02\/WP5_Modulo-E_dichiarazione-articolo-47.docx\" class=\"wp-block-file__button wp-element-button\" download aria-describedby=\"wp-block-file--media-834290de-c6e0-49f3-bcab-833b69957f22\">Download<\/a><\/div>\n\n\n\n<div class=\"wp-block-file\"><a id=\"wp-block-file--media-74c5c1f0-3158-4363-ad1a-4a069bfc9031\" href=\"https:\/\/arvier.eu\/wp-content\/uploads\/2025\/02\/modello-F-dichiarazione-integrativa.docx\">WP05_Modulo F Dichiarazione integrativa<\/a><a href=\"https:\/\/arvier.eu\/wp-content\/uploads\/2025\/02\/modello-F-dichiarazione-integrativa.docx\" class=\"wp-block-file__button wp-element-button\" download aria-describedby=\"wp-block-file--media-74c5c1f0-3158-4363-ad1a-4a069bfc9031\">Download<\/a><\/div>\n\n\n\n<div class=\"wp-block-file\"><a id=\"wp-block-file--media-834290de-c6e0-49f3-bcab-833b69957f22\" href=\"https:\/\/arvier.eu\/wp-content\/uploads\/2025\/02\/WP5_Dichiarazione-progetto.docx\">WP5_Dichiarazione progetto<\/a><a href=\"https:\/\/arvier.eu\/wp-content\/uploads\/2025\/02\/WP5_Dichiarazione-progetto.docx\" class=\"wp-block-file__button wp-element-button\" download aria-describedby=\"wp-block-file--media-834290de-c6e0-49f3-bcab-833b69957f22\">Download<\/a><\/div>\n\n\n\n<div data-wp-interactive=\"core\/file\" class=\"wp-block-file\"><object data-wp-bind--hidden=\"!state.hasPdfPreview\" hidden class=\"wp-block-file__embed\" data=\"https:\/\/arvier.eu\/wp-content\/uploads\/2025\/02\/schema-convenzione-wp5.pdf\" type=\"application\/pdf\" style=\"width:100%;height:600px\" aria-label=\"Contenu embarqu\u00e9 Schema di Convenzione WP5.\"><\/object><a id=\"wp-block-file--media-b0681365-ab59-41f9-a973-bceb9f3f15d5\" href=\"https:\/\/arvier.eu\/wp-content\/uploads\/2025\/02\/schema-convenzione-wp5.pdf\">Schema di Convenzione WP5<\/a><a href=\"https:\/\/arvier.eu\/wp-content\/uploads\/2025\/02\/schema-convenzione-wp5.pdf\" class=\"wp-block-file__button wp-element-button\" download aria-describedby=\"wp-block-file--media-b0681365-ab59-41f9-a973-bceb9f3f15d5\">Download<\/a><\/div>\n\n\n\n<hr class=\"wp-block-separator has-alpha-channel-opacity\"\/>\n\n\n\n<p class=\"has-text-align-center has-medium-font-size\"><strong>Nella sezione si rendono disponibili le domande pervenute da potenziali beneficiari e connesse risposte elaborate dal Responsabile del Procedimento<\/strong><br><strong>FAQ<\/strong><\/p>\n\n\n\n<h2 class=\"wp-block-heading has-text-align-center has-colore-primario-scuro-color has-text-color has-link-color wp-elements-de7fc7949bfa3d1d1a069e02b4031d33\"><strong>Aggiornamento del 20\/03\/2025<\/strong><\/h2>\n\n\n\n<p><strong>Quesito n. 1 del 20\/03\/2025:<\/strong><br><br>L&rsquo;Articolo 8 &lsquo;Modalit\u00e0 di partecipazione&rsquo; riporta come \u00ab\u00a0I documenti [amministrativi e la proposta progettuale] dovranno essere<br>sottoscritti, analogicamente o digitalmente, dal legale rappresentante del soggetto richiedente, a pena di non ammissione. [\u2026] In caso di ATS costituenda, [i documenti] dovranno essere sottoscritti da tutti i membri dell\u2019Associazione.\u00a0\u00bb<br><br>Si chiede quali tipi di documenti dovranno essere sottoscritti da tutti i membri dell&rsquo;Associazione: si tratta solamente della proposta progettuale, redatta e approvata dai membri dell&rsquo;ATS?<\/p>\n\n\n\n<p><strong>Risposta del Responsabile del Procedimento n. 1 del 20\/03\/2025<\/strong><\/p>\n\n\n\n<p>Per il caso di ATS costituenda, i documenti amministrativi comprovanti i requisiti dovranno essere presentati da tutti i soggetti partecipanti all&rsquo;ATS. Ci\u00f2 significa che ciascun membro dovr\u00e0 presentare (da lui sottoscritti) i documenti relativi ai propri requisiti e impegni (modelli da A ad F). Dovr\u00e0 invece essere sottoscritta congiuntamente da tutti i membri la dichiarazione di impegno a costituire la ATS, se redatta in documento separato e autonomo rispetto all&rsquo;impegno assunto con la compilazione dei moduli A e B.<br>Dovr\u00e0 essere sottoscritta congiuntamente la \u00ab\u00a0dichiarazione progetto\u00a0\u00bb. La proposta progettuale dovr\u00e0 essere sottoscritta congiuntamente da tutti i membri dell&rsquo;ATS.<\/p>\n\n\n\n<hr class=\"wp-block-separator has-alpha-channel-opacity\"\/>\n\n\n\n<p><strong>Quesito n. 2 del 20\/03\/2025:<\/strong><\/p>\n\n\n\n<p>Si richiede di confermare se, nell&rsquo;ambito della documentazione amministrativa allegata all&rsquo;Avviso, il modello di \u00ab\u00a0dichiarazione integrativa\u00a0\u00bb (citato all&rsquo;articolo 8) corrisponda al documento denominato \u00ab\u00a0dichiarazione progetto\u00a0\u00bb, attualmente disponibile sul sito nella pagina dedicata. Infatti, accedendo al link di accesso all\u2019Avviso e ai documenti da compilare, si rileva l\u2019assenza del modello di dichiarazione integrativa e la presenza della dichiarazione progetto, relativa alle parti di progetto che comprendono, in tutto o in parte, segreto industriale e aziendale.<br>Si richiede, pertanto, una conferma in merito all\u2019equivalenza sostanziale di tali documenti, pur essendo identificati con denominazioni differenti.<\/p>\n\n\n\n<p><strong><strong>Risposta del Responsabile del Procedimento <\/strong>n. 2 del 20\/03\/2025<\/strong><\/p>\n\n\n\n<p>Con riferimento al quesito, per mero errore materiale non \u00e8 stato fornito il modulo F &#8211; Dichiarazione integrativa, che si pubblica. Le indicazioni relative alle modalit\u00e0 di compilazione sono inserite nel modulo. Si coglie l&rsquo;occasione per precisare che la \u00ab\u00a0dichiarazione progetto\u00a0\u00bb dovr\u00e0 essere allegata anch&rsquo;essa alla documentazione amministrativa (non a pena di esclusione).<\/p>\n\n\n\n<div class=\"wp-block-file\"><a id=\"wp-block-file--media-c8300e06-6e18-436e-a7de-b859e8f51923\" href=\"https:\/\/arvier.eu\/wp-content\/uploads\/2025\/02\/modello-F-dichiarazione-integrativa-1.docx\">Modulo F dichiarazione integrativa<\/a><a href=\"https:\/\/arvier.eu\/wp-content\/uploads\/2025\/02\/modello-F-dichiarazione-integrativa-1.docx\" class=\"wp-block-file__button wp-element-button\" download aria-describedby=\"wp-block-file--media-c8300e06-6e18-436e-a7de-b859e8f51923\">Download<\/a><\/div>\n\n\n\n<p><\/p>\n","protected":false},"excerpt":{"rendered":"<p>Gli interessati dovranno presentare al seguente indirizzo di posta elettronica protocollo@pec.comune.arvier.ao.it <\/p>\n","protected":false},"author":11,"featured_media":12165,"comment_status":"closed","ping_status":"open","sticky":false,"template":"","format":"standard","meta":{"footnotes":""},"categories":[1],"tags":[],"class_list":["post-12131","post","type-post","status-publish","format-standard","has-post-thumbnail","hentry","category-le-notizie"],"publishpress_future_action":{"enabled":false,"date":"2026-05-07 17:31:17","action":"category-add","newStatus":"draft","terms":[],"taxonomy":"category","extraData":[]},"publishpress_future_workflow_manual_trigger":{"enabledWorkflows":[]},"_links":{"self":[{"href":"https:\/\/arvier.eu\/fr\/wp-json\/wp\/v2\/posts\/12131","targetHints":{"allow":["GET"]}}],"collection":[{"href":"https:\/\/arvier.eu\/fr\/wp-json\/wp\/v2\/posts"}],"about":[{"href":"https:\/\/arvier.eu\/fr\/wp-json\/wp\/v2\/types\/post"}],"author":[{"embeddable":true,"href":"https:\/\/arvier.eu\/fr\/wp-json\/wp\/v2\/users\/11"}],"replies":[{"embeddable":true,"href":"https:\/\/arvier.eu\/fr\/wp-json\/wp\/v2\/comments?post=12131"}],"version-history":[{"count":0,"href":"https:\/\/arvier.eu\/fr\/wp-json\/wp\/v2\/posts\/12131\/revisions"}],"wp:featuredmedia":[{"embeddable":true,"href":"https:\/\/arvier.eu\/fr\/wp-json\/wp\/v2\/media\/12165"}],"wp:attachment":[{"href":"https:\/\/arvier.eu\/fr\/wp-json\/wp\/v2\/media?parent=12131"}],"wp:term":[{"taxonomy":"category","embeddable":true,"href":"https:\/\/arvier.eu\/fr\/wp-json\/wp\/v2\/categories?post=12131"},{"taxonomy":"post_tag","embeddable":true,"href":"https:\/\/arvier.eu\/fr\/wp-json\/wp\/v2\/tags?post=12131"}],"curies":[{"name":"wp","href":"https:\/\/api.w.org\/{rel}","templated":true}]}}