{"id":12427,"date":"2025-04-10T14:43:43","date_gmt":"2025-04-10T12:43:43","guid":{"rendered":"https:\/\/arvier.eu\/?p=12427"},"modified":"2026-01-05T16:46:56","modified_gmt":"2026-01-05T15:46:56","slug":"materiale-informativo-e-modulistica-gestione-rifiuti-urbani","status":"publish","type":"post","link":"https:\/\/arvier.eu\/fr\/materiale-informativo-e-modulistica-gestione-rifiuti-urbani\/","title":{"rendered":"Materiale informativo e modulistica gestione rifiuti urbani"},"content":{"rendered":"\n<p>Nella pagina dedicata al comune di Arvier \u00e8 possibile reperire la documentazione informativa e tutta la modulistica, che sar\u00e0 via via aggiornata, relativamente al nuovo servizio di raccolta rifiuti, e pi\u00f9 precisamente:<\/p>\n\n\n\n<ul class=\"wp-block-list\">\n<li>La guida alla raccolta differenziata;<\/li>\n<\/ul>\n\n\n\n<ul class=\"wp-block-list\">\n<li>I calendari di raccolta;<\/li>\n<\/ul>\n\n\n\n<ul class=\"wp-block-list\">\n<li>La guida per la raccolta sfalci e tessili sanitari;<\/li>\n<\/ul>\n\n\n\n<ul class=\"wp-block-list\">\n<li>La modulistica per l\u2019attivazione di nuovi servizi\/sostituzione e richiesta contenitori\/ecotessere. <\/li>\n<\/ul>\n\n\n\n<p>Di seguito si riporta il link per accedere direttamente alle pagine web dedicata al comune di Arvier:<\/p>\n\n\n\n<p><a href=\"https:\/\/www.apricaspa.it\/it\/arvier\/servizi\/raccolta-differenziata\">https:\/\/www.apricaspa.it\/it\/arvier\/servizi\/raccolta-differenziata<\/a><\/p>\n\n\n\n<p>Si allega inoltre di seguito la documentazione da presentare in caso di richiesta contenitori rifiuti in caso di manifestazioni ed eventi:<\/p>\n\n\n\n<ul class=\"wp-block-list\">\n<li>Vademecum richiesta contenitori rifiuti per manifestazioni<\/li>\n<\/ul>\n\n\n\n<ul class=\"wp-block-list\">\n<li>Richiesta contenitori per gestione rifiuti in manifestazioni ed eventi<\/li>\n<\/ul>\n","protected":false},"excerpt":{"rendered":"<p>Nella pagina dedicata al comune di Arvier \u00e8 possibile reperire la documentazione informativa e tutta la modulistica, che sar\u00e0 via via aggiornata, relativamente al nuovo servizio di raccolta rifiuti<\/p>\n","protected":false},"author":9,"featured_media":8701,"comment_status":"closed","ping_status":"open","sticky":false,"template":"","format":"standard","meta":{"footnotes":""},"categories":[39],"tags":[],"class_list":["post-12427","post","type-post","status-publish","format-standard","has-post-thumbnail","hentry","category-archivio"],"publishpress_future_action":{"enabled":false,"date":"2026-05-09 14:45:46","action":"category-add","newStatus":"draft","terms":[],"taxonomy":"category","extraData":[]},"publishpress_future_workflow_manual_trigger":{"enabledWorkflows":[]},"_links":{"self":[{"href":"https:\/\/arvier.eu\/fr\/wp-json\/wp\/v2\/posts\/12427","targetHints":{"allow":["GET"]}}],"collection":[{"href":"https:\/\/arvier.eu\/fr\/wp-json\/wp\/v2\/posts"}],"about":[{"href":"https:\/\/arvier.eu\/fr\/wp-json\/wp\/v2\/types\/post"}],"author":[{"embeddable":true,"href":"https:\/\/arvier.eu\/fr\/wp-json\/wp\/v2\/users\/9"}],"replies":[{"embeddable":true,"href":"https:\/\/arvier.eu\/fr\/wp-json\/wp\/v2\/comments?post=12427"}],"version-history":[{"count":1,"href":"https:\/\/arvier.eu\/fr\/wp-json\/wp\/v2\/posts\/12427\/revisions"}],"predecessor-version":[{"id":13585,"href":"https:\/\/arvier.eu\/fr\/wp-json\/wp\/v2\/posts\/12427\/revisions\/13585"}],"wp:featuredmedia":[{"embeddable":true,"href":"https:\/\/arvier.eu\/fr\/wp-json\/wp\/v2\/media\/8701"}],"wp:attachment":[{"href":"https:\/\/arvier.eu\/fr\/wp-json\/wp\/v2\/media?parent=12427"}],"wp:term":[{"taxonomy":"category","embeddable":true,"href":"https:\/\/arvier.eu\/fr\/wp-json\/wp\/v2\/categories?post=12427"},{"taxonomy":"post_tag","embeddable":true,"href":"https:\/\/arvier.eu\/fr\/wp-json\/wp\/v2\/tags?post=12427"}],"curies":[{"name":"wp","href":"https:\/\/api.w.org\/{rel}","templated":true}]}}