{"id":12894,"date":"2025-07-11T16:39:40","date_gmt":"2025-07-11T14:39:40","guid":{"rendered":"https:\/\/arvier.eu\/?p=12894"},"modified":"2025-10-14T11:26:17","modified_gmt":"2025-10-14T09:26:17","slug":"leverogne-deun-cou","status":"publish","type":"post","link":"https:\/\/arvier.eu\/fr\/leverogne-deun-cou\/","title":{"rendered":"Leverogne d&rsquo;Eun Cou"},"content":{"rendered":"\n<p>Il suggestivo borgo medievale di Leverogne si prepara ad accogliere una nuova edizione di <strong>\u201cLevrogne d\u2019eun cou \u2013 Atmosfere d\u2019altri tempi nel borgo medievale di Leverogne\u201d<\/strong>, in programma <strong>sabato 12 luglio 2025<\/strong> (con rinvio a domenica 13 in caso di pioggia).<\/p>\n\n\n\n<p>Una giornata all\u2019insegna della tradizione e della convivialit\u00e0, che prender\u00e0 il via <strong>alle ore 14:00<\/strong> con l\u2019apertura della manifestazione, tra mercatini, animazioni e scorci da cartolina. Alle <strong>19:00<\/strong>, la serata proseguir\u00e0 con una cena conviviale a base della celebre <strong>trifolette d\u2019Arvier<\/strong>, mentre alle <strong>21:00<\/strong> andr\u00e0 in scena la pi\u00e8ce teatrale del gruppo locale <strong>Lo R\u00e9dzeton<\/strong>.<\/p>\n\n\n\n<p>Un\u2019occasione imperdibile per vivere la magia di Leverogne in un\u2019atmosfera fuori dal tempo!<\/p>\n\n\n\n<figure class=\"wp-block-image size-large is-style-default\"><img loading=\"lazy\" decoding=\"async\" width=\"724\" height=\"1024\" src=\"https:\/\/arvier.eu\/wp-content\/uploads\/2025\/07\/manifesto-leverogne-25-conv-1-1-724x1024.jpg\" alt=\"\" class=\"wp-image-12898\" srcset=\"https:\/\/arvier.eu\/wp-content\/uploads\/2025\/07\/manifesto-leverogne-25-conv-1-1-724x1024.jpg 724w, https:\/\/arvier.eu\/wp-content\/uploads\/2025\/07\/manifesto-leverogne-25-conv-1-1-212x300.jpg 212w, https:\/\/arvier.eu\/wp-content\/uploads\/2025\/07\/manifesto-leverogne-25-conv-1-1-768x1087.jpg 768w, https:\/\/arvier.eu\/wp-content\/uploads\/2025\/07\/manifesto-leverogne-25-conv-1-1-1086x1536.jpg 1086w, https:\/\/arvier.eu\/wp-content\/uploads\/2025\/07\/manifesto-leverogne-25-conv-1-1.jpg 1357w\" sizes=\"auto, (max-width: 724px) 100vw, 724px\" \/><\/figure>\n","protected":false},"excerpt":{"rendered":"<p>Levrogne d\u2019eun cou \u2013 Atmosfere d\u2019altri tempi nel borgo medievale di Leverogne\u201d, in programma sabato 12 luglio 2025<\/p>\n","protected":false},"author":6,"featured_media":12900,"comment_status":"closed","ping_status":"open","sticky":false,"template":"","format":"standard","meta":{"footnotes":""},"categories":[39],"tags":[],"class_list":["post-12894","post","type-post","status-publish","format-standard","has-post-thumbnail","hentry","category-archivio"],"publishpress_future_action":{"enabled":false,"date":"2026-05-08 02:58:22","action":"category-add","newStatus":"draft","terms":[],"taxonomy":"category","extraData":[]},"publishpress_future_workflow_manual_trigger":{"enabledWorkflows":[]},"_links":{"self":[{"href":"https:\/\/arvier.eu\/fr\/wp-json\/wp\/v2\/posts\/12894","targetHints":{"allow":["GET"]}}],"collection":[{"href":"https:\/\/arvier.eu\/fr\/wp-json\/wp\/v2\/posts"}],"about":[{"href":"https:\/\/arvier.eu\/fr\/wp-json\/wp\/v2\/types\/post"}],"author":[{"embeddable":true,"href":"https:\/\/arvier.eu\/fr\/wp-json\/wp\/v2\/users\/6"}],"replies":[{"embeddable":true,"href":"https:\/\/arvier.eu\/fr\/wp-json\/wp\/v2\/comments?post=12894"}],"version-history":[{"count":3,"href":"https:\/\/arvier.eu\/fr\/wp-json\/wp\/v2\/posts\/12894\/revisions"}],"predecessor-version":[{"id":12904,"href":"https:\/\/arvier.eu\/fr\/wp-json\/wp\/v2\/posts\/12894\/revisions\/12904"}],"wp:featuredmedia":[{"embeddable":true,"href":"https:\/\/arvier.eu\/fr\/wp-json\/wp\/v2\/media\/12900"}],"wp:attachment":[{"href":"https:\/\/arvier.eu\/fr\/wp-json\/wp\/v2\/media?parent=12894"}],"wp:term":[{"taxonomy":"category","embeddable":true,"href":"https:\/\/arvier.eu\/fr\/wp-json\/wp\/v2\/categories?post=12894"},{"taxonomy":"post_tag","embeddable":true,"href":"https:\/\/arvier.eu\/fr\/wp-json\/wp\/v2\/tags?post=12894"}],"curies":[{"name":"wp","href":"https:\/\/api.w.org\/{rel}","templated":true}]}}