{"id":13189,"date":"2025-10-08T08:45:27","date_gmt":"2025-10-08T06:45:27","guid":{"rendered":"https:\/\/arvier.eu\/?p=13189"},"modified":"2026-01-23T10:44:24","modified_gmt":"2026-01-23T09:44:24","slug":"progetto-unite-in-movimento-per-la-salute-autunno-2025","status":"publish","type":"post","link":"https:\/\/arvier.eu\/fr\/progetto-unite-in-movimento-per-la-salute-autunno-2025\/","title":{"rendered":"Progetto Unit\u00e9 in movimento per la salute &#8211; Autunno 2025"},"content":{"rendered":"\n<p><strong>Appuntamenti Autunno 2025 per incontrarsi e camminare insieme nei tredici percorsi 1 Km in salute dell&rsquo;Unit\u00e9 Grand-Paradis. <\/strong><\/p>\n\n\n\n<p>Creativit\u00e0, benessere e spettacolo sul km in salute.<\/p>\n\n\n\n<p>Il progetto \u00ab\u00a0Unit\u00e9 in movimento per la salute\u00a0\u00bb intende coinvolgere la popolazione dell&rsquo;Unit\u00e9 Grand-Paradis in molteplici attivit\u00e0 per far s\u00ec che il movimento diventi un&rsquo;abitudine e un modo piacevole di incontrare altre persone e stare bene nel proprio territorio.<\/p>\n\n\n\n<p>Per informazioni e per partecipare alle iniziative \u00e8 possibile inviare un messaggio Whatsapp o chiamare (solo dal luned\u00ec al venerd\u00ec dalle ore 9 alle 12) il numero 379 1997698.<\/p>\n\n\n\n<p>Per saperne di pi\u00f9 inquadra il QR code inserito nella locandina allegata e vai sul sito.<\/p>\n\n\n\n<p>Scarica locandina.<\/p>\n\n\n\n<p><br><\/p>\n\n\n\n<figure class=\"wp-block-gallery has-nested-images columns-default is-cropped wp-block-gallery-1 is-layout-flex wp-block-gallery-is-layout-flex\">\n<figure class=\"wp-block-image size-full\"><img loading=\"lazy\" decoding=\"async\" width=\"1241\" height=\"1755\" data-id=\"13191\" src=\"https:\/\/arvier.eu\/wp-content\/uploads\/2025\/10\/Iniziative-ottobre-2025-unite-in-movimento-per-la-salute_page-0001.jpg\" alt=\"\" class=\"wp-image-13191\" srcset=\"https:\/\/arvier.eu\/wp-content\/uploads\/2025\/10\/Iniziative-ottobre-2025-unite-in-movimento-per-la-salute_page-0001.jpg 1241w, https:\/\/arvier.eu\/wp-content\/uploads\/2025\/10\/Iniziative-ottobre-2025-unite-in-movimento-per-la-salute_page-0001-212x300.jpg 212w, https:\/\/arvier.eu\/wp-content\/uploads\/2025\/10\/Iniziative-ottobre-2025-unite-in-movimento-per-la-salute_page-0001-724x1024.jpg 724w, https:\/\/arvier.eu\/wp-content\/uploads\/2025\/10\/Iniziative-ottobre-2025-unite-in-movimento-per-la-salute_page-0001-768x1086.jpg 768w, https:\/\/arvier.eu\/wp-content\/uploads\/2025\/10\/Iniziative-ottobre-2025-unite-in-movimento-per-la-salute_page-0001-1086x1536.jpg 1086w\" sizes=\"auto, (max-width: 1241px) 100vw, 1241px\" \/><\/figure>\n<\/figure>\n","protected":false},"excerpt":{"rendered":"<p>Progetto Unit\u00e9 in movimento per la salute<br \/>\nAppuntamenti Autunno 2025<\/p>\n","protected":false},"author":9,"featured_media":13193,"comment_status":"closed","ping_status":"open","sticky":false,"template":"","format":"standard","meta":{"footnotes":""},"categories":[39],"tags":[],"class_list":["post-13189","post","type-post","status-publish","format-standard","has-post-thumbnail","hentry","category-archivio"],"publishpress_future_action":{"enabled":false,"date":"2026-05-07 05:36:33","action":"category-add","newStatus":"draft","terms":[],"taxonomy":"category","extraData":[]},"publishpress_future_workflow_manual_trigger":{"enabledWorkflows":[]},"_links":{"self":[{"href":"https:\/\/arvier.eu\/fr\/wp-json\/wp\/v2\/posts\/13189","targetHints":{"allow":["GET"]}}],"collection":[{"href":"https:\/\/arvier.eu\/fr\/wp-json\/wp\/v2\/posts"}],"about":[{"href":"https:\/\/arvier.eu\/fr\/wp-json\/wp\/v2\/types\/post"}],"author":[{"embeddable":true,"href":"https:\/\/arvier.eu\/fr\/wp-json\/wp\/v2\/users\/9"}],"replies":[{"embeddable":true,"href":"https:\/\/arvier.eu\/fr\/wp-json\/wp\/v2\/comments?post=13189"}],"version-history":[{"count":2,"href":"https:\/\/arvier.eu\/fr\/wp-json\/wp\/v2\/posts\/13189\/revisions"}],"predecessor-version":[{"id":13195,"href":"https:\/\/arvier.eu\/fr\/wp-json\/wp\/v2\/posts\/13189\/revisions\/13195"}],"wp:featuredmedia":[{"embeddable":true,"href":"https:\/\/arvier.eu\/fr\/wp-json\/wp\/v2\/media\/13193"}],"wp:attachment":[{"href":"https:\/\/arvier.eu\/fr\/wp-json\/wp\/v2\/media?parent=13189"}],"wp:term":[{"taxonomy":"category","embeddable":true,"href":"https:\/\/arvier.eu\/fr\/wp-json\/wp\/v2\/categories?post=13189"},{"taxonomy":"post_tag","embeddable":true,"href":"https:\/\/arvier.eu\/fr\/wp-json\/wp\/v2\/tags?post=13189"}],"curies":[{"name":"wp","href":"https:\/\/api.w.org\/{rel}","templated":true}]}}