{"id":13351,"date":"2025-11-04T11:59:32","date_gmt":"2025-11-04T10:59:32","guid":{"rendered":"https:\/\/arvier.eu\/?p=13351"},"modified":"2025-11-10T17:54:55","modified_gmt":"2025-11-10T16:54:55","slug":"carta-dedicata-a-te-anno-2025","status":"publish","type":"post","link":"https:\/\/arvier.eu\/fr\/carta-dedicata-a-te-anno-2025\/","title":{"rendered":"Carta dedicata a te &#8211; Anno 2025"},"content":{"rendered":"\n<p>La legge di bilancio 2024 ha istituito un fondo, incrementato nel 2025, destinato all\u2019acquisto di&nbsp;<strong>beni alimentari di prima necessit\u00e0<\/strong>.<\/p>\n\n\n\n<p>La nuova&nbsp;<strong>social card&nbsp;<em>Dedicata a te<\/em><\/strong><em>&nbsp;\u00e8<\/em>&nbsp;una misura destinata ai nuclei familiari residenti nel territorio italiano, in possesso dei seguenti requisiti (decreto interministeriale 30 Luglio 2025):<\/p>\n\n\n\n<ul class=\"wp-block-list\">\n<li><strong>iscrizione di tutti i componenti del nucleo familiare nell\u2019Anagrafe comunale<\/strong><\/li>\n\n\n\n<li><strong>certificazione ISEE ordinario in corso di validit\u00e0, con indicatore non superiore a 15mila euro annui<\/strong><\/li>\n<\/ul>\n\n\n\n<p><strong>I beneficiari non devono presentare alcuna domanda, ma sono individuati d\u2019ufficio, nei limiti delle carte assegnate ad ogni singolo Comune, tra i possessori dei requisiti previsti,<\/strong>&nbsp;<strong>ordinati sulla base di specifici criteri di priorit\u00e0 indicati dal decreto, che tengono conto dei nuclei composti da almeno tre componenti, da componenti minorenni<\/strong>&nbsp;(con precedenza dei pi\u00f9 piccoli)<strong>&nbsp;e con valore ISEE pi\u00f9 basso.<\/strong><\/p>\n\n\n\n<p>La misura consiste in un&nbsp;<strong>contributo economico per nucleo familiare di \u20ac 500,00<\/strong>&nbsp;erogato a partire da Novembre 2025 attraverso carte elettroniche di pagamento, prepagate e ricaricabili, messe a disposizione da Poste Italiane S.p.A. I beni alimentari di prima necessit\u00e0 (vedi allegato 1) possono essere acquistati presso gli esercizi commerciali che vendono generi alimentari.<\/p>\n\n\n\n<p>I beneficiari devono attendere una comunicazione da parte del Comune per ritirare una lettera con oggetto:&nbsp;<strong>Carta \u201cDedicata a te\u201d. Codice di riferimento xxxxxxxxxxxxx<\/strong>&nbsp;per recarsi all\u2019ufficio postale, muniti della lettera, carta di identit\u00e0 e codice fiscale.<\/p>\n\n\n\n<p><strong>BENEFICIARI 2025<\/strong><\/p>\n\n\n\n<figure class=\"wp-block-table\"><table class=\"has-fixed-layout\"><tbody><tr><td>identificativo carta<\/td><td>comune resid.<\/td><td>cod.catast.attuale<\/td><td>provincia resid.<\/td><td>cap<\/td><\/tr><tr><td>5338702018841000<\/td><td>ARVIER<\/td><td>A452<\/td><td>AO<\/td><td>11011<\/td><\/tr><tr><td>5338702020771260<\/td><td>ARVIER<\/td><td>A452<\/td><td>AO<\/td><td>11011<\/td><\/tr><tr><td>5338702020771286<\/td><td>ARVIER<\/td><td>A452<\/td><td>AO<\/td><td>11011<\/td><\/tr><tr><td>5338702020771344<\/td><td>ARVIER<\/td><td>A452<\/td><td>AO<\/td><td>11011<\/td><\/tr><tr><td>gia&rsquo; erogata in precedente annualita&rsquo;<\/td><td>ARVIER<\/td><td>A452<\/td><td>AO<\/td><td>11011<\/td><\/tr><tr><td>gia&rsquo; erogata in precedente annualita&rsquo;<\/td><td>ARVIER<\/td><td>A452<\/td><td>AO<\/td><td>11011<\/td><\/tr><tr><td>gia&rsquo; erogata in precedente annualita&rsquo;<\/td><td>ARVIER<\/td><td>A452<\/td><td>AO<\/td><td>11011<\/td><\/tr><tr><td>gia&rsquo; erogata in precedente annualita&rsquo;<\/td><td>ARVIER<\/td><td>A452<\/td><td>AO<\/td><td>11011<\/td><\/tr><\/tbody><\/table><\/figure>\n\n\n\n<p><strong>Maggiori dettagli sulle modalit\u00e0 di ritiro della carta:<\/strong><\/p>\n\n\n\n<p><strong>Nuovi beneficiari:<\/strong><\/p>\n\n\n\n<p>Per il ritiro \u00e8 necessario presentare allo sportello:<\/p>\n\n\n\n<ul class=\"wp-block-list\">\n<li>il Codice di riferimento;<\/li>\n\n\n\n<li>\u00a0documento di identit\u00e0 in corso di validit\u00e0;<\/li>\n\n\n\n<li>Codice Fiscale\/Tessera Sanitaria.<\/li>\n<\/ul>\n\n\n\n<p><strong>Gi\u00e0 beneficiari dal 2024:<\/strong><\/p>\n\n\n\n<ul class=\"wp-block-list\">\n<li>Qualora fosse ancora in possesso della Carta Dedicata a Te: le comunichiamo che l\u2019importo le verr\u00e0 accreditato sulla Carta Dedicata a Te di cui \u00e8 titolare. Non sar\u00e0 necessario recarsi in Ufficio Postale.<\/li>\n\n\n\n<li>Qualora avesse smarrito la sua Carta Dedicata a Te e non ne fosse pi\u00f9 in possesso potr\u00e0 richiedere la sostituzione in Ufficio Postale presentando allo sportello:\n<ul class=\"wp-block-list\">\n<li>un tuo documento di identit\u00e0 in corso di validit\u00e0;<\/li>\n\n\n\n<li>il tuo Codice Fiscale\/Tessera Sanitaria;<\/li>\n\n\n\n<li>la denuncia presentata all\u2019Autorit\u00e0 Giudiziaria o di Pubblica Sicurezza.<\/li>\n<\/ul>\n<\/li>\n<\/ul>\n\n\n\n<p>Per risparmiare tempo ed evitare attese, \u00e8 possibile prenotare un appuntamento presso un Ufficio Postale direttamente al link&nbsp;<a href=\"https:\/\/www.poste.it\/cerca\/index.html#\/vieni-in-poste\">https:\/\/www.poste.it\/cerca\/index.html#\/vieni-in-poste<\/a>, oppure da App Bancoposta, App Postepay e App Poste Italiane.<\/p>\n\n\n\n<p>La Carta \u00e8 utilizzabile presso tutti gli esercizi commerciali convenzionati che vendono generi alimentari.<\/p>\n\n\n\n<p>Per non perdere la somma accreditata, \u00e8 indispensabile effettuare&nbsp;<strong>almeno un acquisto entro e non oltre il 16 dicembre 2025<\/strong>&nbsp;e&nbsp;<strong>utilizzare interamente le somme accreditate entro e non oltre il 28 febbraio 2026<\/strong>, pena decadenza dal beneficio.<\/p>\n\n\n\n<p>Per ulteriori dettagli sull\u2019utilizzo della Carta Dedicata a Te, sugli esercizi commerciali che aderiscono alle iniziative promozionali, e che ti garantiranno una importante scontistica sugli acquisti, puoi consultare la pagina del sito del Ministero dell\u2019Agricoltura , della sovranit\u00e0 alimentare e delle foreste, per la misura di sostegno.<\/p>\n\n\n\n<p><a href=\"https:\/\/www.masaf.gov.it\/flex\/cm\/pages\/ServeBLOB.php\/L\/IT\/IDPagina\/23493\">https:\/\/www.masaf.gov.it\/flex\/cm\/pages\/ServeBLOB.php\/L\/IT\/IDPagina\/23493<\/a><\/p>\n\n\n\n<p>ALLEGATI:<\/p>\n\n\n\n<div data-wp-interactive=\"core\/file\" class=\"wp-block-file\"><object data-wp-bind--hidden=\"!state.hasPdfPreview\" hidden class=\"wp-block-file__embed\" data=\"https:\/\/arvier.eu\/wp-content\/uploads\/2025\/11\/MASAF_2025_0354883_Allegato_250704___DM_MASAF_MIMIT_MEF_LAVORO_CARTA_DEDICATA_2025___Allegato_1.pdf\" type=\"application\/pdf\" style=\"width:100%;height:600px\" aria-label=\"Contenu embarqu\u00e9 MASAF_2025_0354883_Allegato_250704___DM_MASAF_MIMIT_MEF_LAVORO_CARTA_DEDICATA_2025___Allegato_1.\"><\/object><a id=\"wp-block-file--media-dee05593-96b0-4aea-a171-bc2d4004c77a\" href=\"https:\/\/arvier.eu\/wp-content\/uploads\/2025\/11\/MASAF_2025_0354883_Allegato_250704___DM_MASAF_MIMIT_MEF_LAVORO_CARTA_DEDICATA_2025___Allegato_1.pdf\">MASAF_2025_0354883_Allegato_250704___DM_MASAF_MIMIT_MEF_LAVORO_CARTA_DEDICATA_2025___Allegato_1<\/a><a href=\"https:\/\/arvier.eu\/wp-content\/uploads\/2025\/11\/MASAF_2025_0354883_Allegato_250704___DM_MASAF_MIMIT_MEF_LAVORO_CARTA_DEDICATA_2025___Allegato_1.pdf\" class=\"wp-block-file__button wp-element-button\" download aria-describedby=\"wp-block-file--media-dee05593-96b0-4aea-a171-bc2d4004c77a\">Download<\/a><\/div>\n","protected":false},"excerpt":{"rendered":"<p>La legge di bilancio 2024 ha istituito un fondo, incrementato nel 2025, destinato all\u2019acquisto di\u00a0beni alimentari di prima necessit\u00e0, di\u00a0carburanti\u00a0o, in alternativa, di\u00a0abbonamenti ai servizi di trasporto pubblico locale.<\/p>\n","protected":false},"author":9,"featured_media":11265,"comment_status":"closed","ping_status":"open","sticky":false,"template":"","format":"standard","meta":{"footnotes":""},"categories":[1],"tags":[],"class_list":["post-13351","post","type-post","status-publish","format-standard","has-post-thumbnail","hentry","category-le-notizie"],"publishpress_future_action":{"enabled":false,"date":"2026-05-07 11:43:56","action":"category-add","newStatus":"draft","terms":[],"taxonomy":"category","extraData":[]},"publishpress_future_workflow_manual_trigger":{"enabledWorkflows":[]},"_links":{"self":[{"href":"https:\/\/arvier.eu\/fr\/wp-json\/wp\/v2\/posts\/13351","targetHints":{"allow":["GET"]}}],"collection":[{"href":"https:\/\/arvier.eu\/fr\/wp-json\/wp\/v2\/posts"}],"about":[{"href":"https:\/\/arvier.eu\/fr\/wp-json\/wp\/v2\/types\/post"}],"author":[{"embeddable":true,"href":"https:\/\/arvier.eu\/fr\/wp-json\/wp\/v2\/users\/9"}],"replies":[{"embeddable":true,"href":"https:\/\/arvier.eu\/fr\/wp-json\/wp\/v2\/comments?post=13351"}],"version-history":[{"count":3,"href":"https:\/\/arvier.eu\/fr\/wp-json\/wp\/v2\/posts\/13351\/revisions"}],"predecessor-version":[{"id":13358,"href":"https:\/\/arvier.eu\/fr\/wp-json\/wp\/v2\/posts\/13351\/revisions\/13358"}],"wp:featuredmedia":[{"embeddable":true,"href":"https:\/\/arvier.eu\/fr\/wp-json\/wp\/v2\/media\/11265"}],"wp:attachment":[{"href":"https:\/\/arvier.eu\/fr\/wp-json\/wp\/v2\/media?parent=13351"}],"wp:term":[{"taxonomy":"category","embeddable":true,"href":"https:\/\/arvier.eu\/fr\/wp-json\/wp\/v2\/categories?post=13351"},{"taxonomy":"post_tag","embeddable":true,"href":"https:\/\/arvier.eu\/fr\/wp-json\/wp\/v2\/tags?post=13351"}],"curies":[{"name":"wp","href":"https:\/\/api.w.org\/{rel}","templated":true}]}}