{"id":13908,"date":"2026-03-12T08:30:13","date_gmt":"2026-03-12T07:30:13","guid":{"rendered":"https:\/\/arvier.eu\/?p=13908"},"modified":"2026-03-23T15:27:44","modified_gmt":"2026-03-23T14:27:44","slug":"le-francais-dans-lidentite-valdotaine-present-passe-et-perspectives-futures","status":"publish","type":"post","link":"https:\/\/arvier.eu\/fr\/le-francais-dans-lidentite-valdotaine-present-passe-et-perspectives-futures\/","title":{"rendered":"Le fran\u00e7ais dans l&rsquo;identit\u00e9 vald\u00f4taine: present, pass\u00e9 et perspectives futures"},"content":{"rendered":"\n<p><strong>Les Journ\u00e9es de la francophonie en Vall\u00e9e d&rsquo;Aoste<\/strong><\/p>\n\n\n\n<p>\ud83d\udcc5 <strong>lundi 16 mars<\/strong><br>\ud83d\udd54 <strong>18:00 heures<\/strong><br>\ud83d\udccd <strong>Universit\u00e9 de la Vall\u00e9e d&rsquo;Aoste<\/strong><\/p>\n\n\n\n<p>Entr\u00e9e libre, dans la limite des places disponibles.<\/p>\n\n\n\n<p><\/p>\n\n\n\n<div data-wp-interactive=\"core\/file\" class=\"wp-block-file\"><object data-wp-bind--hidden=\"!state.hasPdfPreview\" hidden class=\"wp-block-file__embed\" data=\"https:\/\/arvier.eu\/wp-content\/uploads\/2026\/03\/Locandina-journees-de-la-francophonie.pdf\" type=\"application\/pdf\" style=\"width:100%;height:600px\" aria-label=\"Contenu embarqu\u00e9 Locandina journ\u00e9es de la francophonie.\"><\/object><a id=\"wp-block-file--media-bbb04976-a4db-4f92-978d-c74c6917fd3f\" href=\"https:\/\/arvier.eu\/wp-content\/uploads\/2026\/03\/Locandina-journees-de-la-francophonie.pdf\">Locandina journ\u00e9es de la francophonie<\/a><a href=\"https:\/\/arvier.eu\/wp-content\/uploads\/2026\/03\/Locandina-journees-de-la-francophonie.pdf\" class=\"wp-block-file__button wp-element-button\" download aria-describedby=\"wp-block-file--media-bbb04976-a4db-4f92-978d-c74c6917fd3f\">Download<\/a><\/div>\n","protected":false},"excerpt":{"rendered":"<p>Les Journ\u00e9es de la francophonie en Vall\u00e9e d&rsquo;Aoste<br \/>\nlundi 16 mars, 18:00 heures<\/p>\n","protected":false},"author":9,"featured_media":13913,"comment_status":"closed","ping_status":"open","sticky":false,"template":"","format":"standard","meta":{"footnotes":""},"categories":[39],"tags":[],"class_list":["post-13908","post","type-post","status-publish","format-standard","has-post-thumbnail","hentry","category-archivio"],"publishpress_future_action":{"enabled":false,"date":"2026-05-07 16:07:51","action":"category-add","newStatus":"draft","terms":[],"taxonomy":"category","extraData":[]},"publishpress_future_workflow_manual_trigger":{"enabledWorkflows":[]},"_links":{"self":[{"href":"https:\/\/arvier.eu\/fr\/wp-json\/wp\/v2\/posts\/13908","targetHints":{"allow":["GET"]}}],"collection":[{"href":"https:\/\/arvier.eu\/fr\/wp-json\/wp\/v2\/posts"}],"about":[{"href":"https:\/\/arvier.eu\/fr\/wp-json\/wp\/v2\/types\/post"}],"author":[{"embeddable":true,"href":"https:\/\/arvier.eu\/fr\/wp-json\/wp\/v2\/users\/9"}],"replies":[{"embeddable":true,"href":"https:\/\/arvier.eu\/fr\/wp-json\/wp\/v2\/comments?post=13908"}],"version-history":[{"count":2,"href":"https:\/\/arvier.eu\/fr\/wp-json\/wp\/v2\/posts\/13908\/revisions"}],"predecessor-version":[{"id":13912,"href":"https:\/\/arvier.eu\/fr\/wp-json\/wp\/v2\/posts\/13908\/revisions\/13912"}],"wp:featuredmedia":[{"embeddable":true,"href":"https:\/\/arvier.eu\/fr\/wp-json\/wp\/v2\/media\/13913"}],"wp:attachment":[{"href":"https:\/\/arvier.eu\/fr\/wp-json\/wp\/v2\/media?parent=13908"}],"wp:term":[{"taxonomy":"category","embeddable":true,"href":"https:\/\/arvier.eu\/fr\/wp-json\/wp\/v2\/categories?post=13908"},{"taxonomy":"post_tag","embeddable":true,"href":"https:\/\/arvier.eu\/fr\/wp-json\/wp\/v2\/tags?post=13908"}],"curies":[{"name":"wp","href":"https:\/\/api.w.org\/{rel}","templated":true}]}}