{"id":2897,"date":"2011-07-17T12:00:00","date_gmt":"2011-07-17T10:00:00","guid":{"rendered":"https:\/\/arvier.eu\/2011\/07\/17\/resoconto-centrad\/"},"modified":"2011-07-17T12:00:00","modified_gmt":"2011-07-17T10:00:00","slug":"resoconto-centrad","status":"publish","type":"post","link":"https:\/\/arvier.eu\/fr\/resoconto-centrad\/","title":{"rendered":"Resoconto centrad"},"content":{"rendered":"\r\n<p style=\"text-align: justify;\">Un coinvolgente spettacolo d\u2019animazione dal vivo si \u00e8 tenuto sabato 16 luglio, iniziato verso le 19 e conclusosi a tarda notte, organizzato nel borgo di Leverogne dall\u2019Amministrazione comunale in collaborazione con la Pro Loco di Arvier, la Coop\u00e9rative de l\u2019Enfer e la Biblioteca.<br \/>Il leit motiv musicale ha accompagnato il folto pubblico lungo un percorso storico-culturale nel borgo, a diretto contatto con piccole realt\u00e0 locali profondamente radicate sul territorio e indice di vitalit\u00e0 e profondo legame col proprio paese di origine: esposizioni di dipinti rappresentanti scorci suggestivi dei paesaggi pi\u00f9 significativi di Arvier, opere d\u2019arte dello scultore Franco Pellissier quale assaggio della mostra di prossima inaugurazione nella cappella di Saint Joseph del mese di agosto, momenti di vita agro-pastorale con possibilit\u00e0 di assaggio di formaggi caprini unici  nel loro genere, e tanti altri momenti ancora, per turisti, residenti e anche per i pi\u00f9 piccini.<br \/>Degustazioni abbinate di prodotti gastronomici con i vini della Co-Enfer, occasioni di incontro e di riscoperta di realt\u00e0 meno conosciute e, come degna conclusione, in localit\u00e0 Barmes, alla luce di un caldo fal\u00f2, una ricca cena a base di piatti freddi e desserts.<\/p>\r\n<p><\/p>\r\n<p><img loading=\"lazy\" decoding=\"async\" style=\"border: 1px solid #000000; display: block; margin-left: auto; margin-right: auto;\" alt=\"Centrad_3\" src=\"https:\/\/www.arvier.eu\/images\/stories\/pagine\/notizie\/Centrad_3.jpg\" width=\"341\" height=\"230\" \/><\/p>\r\n<p style=\"text-align: center;\">Foto ANDREA VALLET<\/p>\r\n<p style=\"text-align: justify;\"><\/p>\r\n<hr \/>","protected":false},"excerpt":{"rendered":"<p>CenTrad \u00e9t\u00e9 2011<\/p>\n<p>E cos\u00ec, nello splendido borgo di Leverogne, sabato 16 luglio, in calde atmosfere di tempi lontani, per il terzo anno consecutivo, si \u00e8 ripetuto l\u2019appuntamento con CenTrad \u00e9t\u00e9, il progetto rivolto a tutti i musicisti, e aspiranti tali, spinti dalla voglia di esplorare la variet\u00e0 dei linguaggi musicali del mondo europeo e mediterraneo, con vari strumenti o con la propria voce. Il tema di quest\u2019anno \u00e8 stata la cultura ebraica dell\u2019Est Europa, analizzata con la competenza di animatori, docenti di strumento ed esperti dello stile e della cultura, tra i quali l\u2019etnomusicologo Claudio Dina e il musicista israeliano Eyal Lerner.<\/p>\n","protected":false},"author":1,"featured_media":2898,"comment_status":"","ping_status":"open","sticky":false,"template":"","format":"standard","meta":{"footnotes":""},"categories":[39,1],"tags":[],"class_list":["post-2897","post","type-post","status-publish","format-standard","has-post-thumbnail","hentry","category-archivio","category-le-notizie"],"publishpress_future_action":{"enabled":false,"date":"2026-05-07 04:03:47","action":"category-add","newStatus":"draft","terms":[],"taxonomy":"category","extraData":[]},"publishpress_future_workflow_manual_trigger":{"enabledWorkflows":[]},"_links":{"self":[{"href":"https:\/\/arvier.eu\/fr\/wp-json\/wp\/v2\/posts\/2897","targetHints":{"allow":["GET"]}}],"collection":[{"href":"https:\/\/arvier.eu\/fr\/wp-json\/wp\/v2\/posts"}],"about":[{"href":"https:\/\/arvier.eu\/fr\/wp-json\/wp\/v2\/types\/post"}],"author":[{"embeddable":true,"href":"https:\/\/arvier.eu\/fr\/wp-json\/wp\/v2\/users\/1"}],"replies":[{"embeddable":true,"href":"https:\/\/arvier.eu\/fr\/wp-json\/wp\/v2\/comments?post=2897"}],"version-history":[{"count":0,"href":"https:\/\/arvier.eu\/fr\/wp-json\/wp\/v2\/posts\/2897\/revisions"}],"wp:featuredmedia":[{"embeddable":true,"href":"https:\/\/arvier.eu\/fr\/wp-json\/wp\/v2\/media\/2898"}],"wp:attachment":[{"href":"https:\/\/arvier.eu\/fr\/wp-json\/wp\/v2\/media?parent=2897"}],"wp:term":[{"taxonomy":"category","embeddable":true,"href":"https:\/\/arvier.eu\/fr\/wp-json\/wp\/v2\/categories?post=2897"},{"taxonomy":"post_tag","embeddable":true,"href":"https:\/\/arvier.eu\/fr\/wp-json\/wp\/v2\/tags?post=2897"}],"curies":[{"name":"wp","href":"https:\/\/api.w.org\/{rel}","templated":true}]}}