{"id":3035,"date":"2011-12-31T12:00:00","date_gmt":"2011-12-31T11:00:00","guid":{"rendered":"https:\/\/arvier.eu\/2011\/12\/31\/arvier-in-festa\/"},"modified":"2011-12-31T12:00:00","modified_gmt":"2011-12-31T11:00:00","slug":"arvier-in-festa","status":"publish","type":"post","link":"https:\/\/arvier.eu\/fr\/arvier-in-festa\/","title":{"rendered":"Arvier in festa"},"content":{"rendered":"<p style=\"text-align: center;\"><span style=\"font-size: 12pt;\"><strong>ARVIER IN FESTA<\/strong><\/span><\/p>\r\n<p style=\"text-align: justify;\"><strong>Natale 2011<\/strong><br \/>Il 28 dicembre scorso si \u00e8 svolto, presso la chiesa parrocchiale del nostro comune, il concerto di Natale organizzato dalla biblioteca e dall\u2019amministrazione comunale.<br \/>Il Coro Polifonico di Aosta, diretto dal maestro Efisio Blanc, ha allietato,  con  magici canti sacri natalizi, pi\u00f9 di cento persone.<\/p>\r\n<table style=\"width: 413px; height: 310px; margin-left: auto; margin-right: auto;\" border=\"0\">\r\n<tbody>\r\n<tr>\r\n<td><a href=\"https:\/\/www.arvier.eu\/2021\/images\/stories\/news\/Concerto_Natale_H1.jpg\"><\/a><\/td>\r\n<\/tr>\r\n<\/tbody>\r\n<\/table>\r\n<br \/>\r\n<p><strong>Animation de No\u0117l<\/strong><br \/>29 d\u00e9cembre 2011<br \/>La biblioth\u00e8que a organis\u00e9 un apr\u00e8s midi pour les enfants avec le Groupe Approches.<br \/>Les histoires du p\u00e8re No\u0117l et du bonhomme de neige ont captur\u00e9  l\u2019attention de 50 enfants.<\/p>\r\n<table style=\"margin-left: auto; margin-right: auto;\" border=\"0\">\r\n<tbody>\r\n<tr>\r\n<td><a href=\"https:\/\/www.arvier.eu\/2021\/images\/stories\/news\/Animation_B1.jpg\"><img loading=\"lazy\" decoding=\"async\" alt=\"Animation_B1\" src=\"https:\/\/www.arvier.eu\/images\/stories\/news\/Animation_B1.jpg\" width=\"200\" height=\"150\" \/><\/a><\/td>\r\n<td valign=\"top\"> <a href=\"https:\/\/www.arvier.eu\/2021\/images\/stories\/news\/Animation_H2.jpg\"><img loading=\"lazy\" decoding=\"async\" alt=\"Animation_B2\" src=\"https:\/\/www.arvier.eu\/images\/stories\/news\/Animation_B2.jpg\" width=\"200\" height=\"150\" \/><\/a> <\/td>\r\n<td><\/td>\r\n<\/tr>\r\n<\/tbody>\r\n<\/table>\r\n<br \/><hr \/>","protected":false},"excerpt":{"rendered":"<p>ARVIER IN FESTA<br \/>\nNatale 2011Il 28 dicembre scorso si \u00e8 svolto, presso la chiesa parrocchiale del nostro comune, il concerto di Natale organizzato dalla biblioteca e dall\u2019amministrazione comunale.Il Coro Polifonico di Aosta, diretto dal maestro Efisio Blanc, ha allietato,  con  magici canti sacri natalizi, pi\u00f9 di cento persone.<\/p>\n<p>Animation de No\u0117l29 d\u00e9cembre 2011La biblioth\u00e8que a organis\u00e9 un apr\u00e8s midi pour les enfants avec le Groupe Approches.Les histoires du p\u00e8re No\u0117l et du bonhomme de neige ont captur\u00e9  l\u2019attention de 50 enfants.<\/p>\n","protected":false},"author":1,"featured_media":3036,"comment_status":"","ping_status":"open","sticky":false,"template":"","format":"standard","meta":{"footnotes":""},"categories":[39,1],"tags":[],"class_list":["post-3035","post","type-post","status-publish","format-standard","has-post-thumbnail","hentry","category-archivio","category-le-notizie"],"publishpress_future_action":{"enabled":false,"date":"2026-05-08 06:02:38","action":"category-add","newStatus":"draft","terms":[],"taxonomy":"category","extraData":[]},"publishpress_future_workflow_manual_trigger":{"enabledWorkflows":[]},"_links":{"self":[{"href":"https:\/\/arvier.eu\/fr\/wp-json\/wp\/v2\/posts\/3035","targetHints":{"allow":["GET"]}}],"collection":[{"href":"https:\/\/arvier.eu\/fr\/wp-json\/wp\/v2\/posts"}],"about":[{"href":"https:\/\/arvier.eu\/fr\/wp-json\/wp\/v2\/types\/post"}],"author":[{"embeddable":true,"href":"https:\/\/arvier.eu\/fr\/wp-json\/wp\/v2\/users\/1"}],"replies":[{"embeddable":true,"href":"https:\/\/arvier.eu\/fr\/wp-json\/wp\/v2\/comments?post=3035"}],"version-history":[{"count":0,"href":"https:\/\/arvier.eu\/fr\/wp-json\/wp\/v2\/posts\/3035\/revisions"}],"wp:featuredmedia":[{"embeddable":true,"href":"https:\/\/arvier.eu\/fr\/wp-json\/wp\/v2\/media\/3036"}],"wp:attachment":[{"href":"https:\/\/arvier.eu\/fr\/wp-json\/wp\/v2\/media?parent=3035"}],"wp:term":[{"taxonomy":"category","embeddable":true,"href":"https:\/\/arvier.eu\/fr\/wp-json\/wp\/v2\/categories?post=3035"},{"taxonomy":"post_tag","embeddable":true,"href":"https:\/\/arvier.eu\/fr\/wp-json\/wp\/v2\/tags?post=3035"}],"curies":[{"name":"wp","href":"https:\/\/api.w.org\/{rel}","templated":true}]}}