{"id":3055,"date":"2012-03-06T12:00:00","date_gmt":"2012-03-06T11:00:00","guid":{"rendered":"https:\/\/arvier.eu\/2012\/03\/06\/formazione\/"},"modified":"2012-03-06T12:00:00","modified_gmt":"2012-03-06T11:00:00","slug":"formazione","status":"publish","type":"post","link":"https:\/\/arvier.eu\/fr\/formazione\/","title":{"rendered":"Formazione"},"content":{"rendered":"<a href=\"http:\/\/www.celva.it\/calendariocorsi.asp?id=41&#038;l=1&#038;w=C&#038;qualifica=0&#038;area=0&#038;mesi=0&#038;anni=0&#038;n=563&#038;p=1\"><\/a><br \/>\r\n<p style=\"text-align: center;\"><strong>Gioved\u00ec 8 Marzo 2012 &#8211; 14:00 &#8211; 17:30<\/strong><\/p>\r\n<p style=\"text-align: center;\"><\/p>\r\n<p style=\"text-align: center;\"><em>Il sindaco partecipa al corso<\/em><\/p>\r\n<p style=\"padding-left: 30px;\"><strong>IL REGIME DI RESPONSABILIT\u00c0 DELL&rsquo;AMMINISTRATORE PUBBLICO &#8211; MODULO I<\/strong><\/p>\r\n<p><strong>Obiettivi<\/strong><\/p>\r\n<p style=\"padding-left: 30px;\"><strong><\/strong>Definire il perimetro delle responsabilit\u00e0 dell\u2018Amministratore nell&rsquo;esercizio della propria funzione (taglio penale)<\/p>\r\n<p><strong>Formatore<\/strong><\/p>\r\n<p style=\"padding-left: 30px;\">Mineccia Marilinda &#8211; <em>Procuratore capo di Aosta<\/em><\/p>\r\n<p><strong>Programma<\/strong><\/p>\r\n<div style=\"padding-left: 30px;\">La definizione del perimetro di responsabilit\u00e0 dell&rsquo;Amministratore: responsabilit\u00e0 politica vs. responsabilit\u00e0 giuridica<\/div>\r\n<div style=\"padding-left: 30px;\">La responsabilit\u00e0 civile (principi)<\/div>\r\n<div style=\"padding-left: 30px;\">La responsabilit\u00e0 penale (principi)<\/div>\r\n<div style=\"padding-left: 30px;\">Le avvertenze d&rsquo;uso per l\u2018Amministratore<\/div>\r\n<div style=\"padding-left: 30px;\"><\/div>\r\n<hr \/>\r\n<p><\/p>","protected":false},"excerpt":{"rendered":"<p>Gioved\u00ec 8 Marzo 2012 &#8211; 14:00 &#8211; 17:30<\/p>\n<p>Il sindaco partecipa al corso<br \/>\nIL REGIME DI RESPONSABILIT\u00c0 DELL&rsquo;AMMINISTRATORE PUBBLICO &#8211; MODULO I<br \/>\nObiettivi<br \/>\nDefinire il perimetro delle responsabilit\u00e0 dell\u2018Amministratore nell&rsquo;esercizio della propria funzione (taglio penale)<br \/>\nFormatore<br \/>\nMineccia Marilinda &#8211; Procuratore capo di Aosta<br \/>\nProgramma<br \/>\nLa definizione del perimetro di responsabilit\u00e0 dell&rsquo;Amministratore: responsabilit\u00e0 politica vs. responsabilit\u00e0 giuridica<br \/>\nLa responsabilit\u00e0 civile (principi)<br \/>\nLa responsabilit\u00e0 penale (principi)<br \/>\nLe avvertenze d&rsquo;uso per l\u2018Amministratore<\/p>\n","protected":false},"author":1,"featured_media":3056,"comment_status":"","ping_status":"open","sticky":false,"template":"","format":"standard","meta":{"footnotes":""},"categories":[39,1],"tags":[],"class_list":["post-3055","post","type-post","status-publish","format-standard","has-post-thumbnail","hentry","category-archivio","category-le-notizie"],"publishpress_future_action":{"enabled":false,"date":"2026-05-06 21:34:16","action":"category-add","newStatus":"draft","terms":[],"taxonomy":"category","extraData":[]},"publishpress_future_workflow_manual_trigger":{"enabledWorkflows":[]},"_links":{"self":[{"href":"https:\/\/arvier.eu\/fr\/wp-json\/wp\/v2\/posts\/3055","targetHints":{"allow":["GET"]}}],"collection":[{"href":"https:\/\/arvier.eu\/fr\/wp-json\/wp\/v2\/posts"}],"about":[{"href":"https:\/\/arvier.eu\/fr\/wp-json\/wp\/v2\/types\/post"}],"author":[{"embeddable":true,"href":"https:\/\/arvier.eu\/fr\/wp-json\/wp\/v2\/users\/1"}],"replies":[{"embeddable":true,"href":"https:\/\/arvier.eu\/fr\/wp-json\/wp\/v2\/comments?post=3055"}],"version-history":[{"count":0,"href":"https:\/\/arvier.eu\/fr\/wp-json\/wp\/v2\/posts\/3055\/revisions"}],"wp:featuredmedia":[{"embeddable":true,"href":"https:\/\/arvier.eu\/fr\/wp-json\/wp\/v2\/media\/3056"}],"wp:attachment":[{"href":"https:\/\/arvier.eu\/fr\/wp-json\/wp\/v2\/media?parent=3055"}],"wp:term":[{"taxonomy":"category","embeddable":true,"href":"https:\/\/arvier.eu\/fr\/wp-json\/wp\/v2\/categories?post=3055"},{"taxonomy":"post_tag","embeddable":true,"href":"https:\/\/arvier.eu\/fr\/wp-json\/wp\/v2\/tags?post=3055"}],"curies":[{"name":"wp","href":"https:\/\/api.w.org\/{rel}","templated":true}]}}