{"id":3063,"date":"2012-03-15T12:00:00","date_gmt":"2012-03-15T11:00:00","guid":{"rendered":"https:\/\/arvier.eu\/2012\/03\/15\/les-journees-de-la-francophonie-en-vallee-daoste\/"},"modified":"2012-03-15T12:00:00","modified_gmt":"2012-03-15T11:00:00","slug":"les-journees-de-la-francophonie-en-vallee-daoste","status":"publish","type":"post","link":"https:\/\/arvier.eu\/fr\/les-journees-de-la-francophonie-en-vallee-daoste\/","title":{"rendered":"Les Journ\u00e9es de la Francophonie en Vall\u00e9e d&rsquo;Aoste"},"content":{"rendered":"\r\n<p style=\"text-align: center;\">Une soir\u00e9e conviviale, autour d\u2019une table, pour d\u00e9couvrir<br \/>le mariage des plats \u00e0 base de fromages fran\u00e7ais avec les<br \/>excellents vins vald\u00f4tains. Les convives seront guid\u00e9s dans<br \/>leur d\u00e9gustation par des sommeliers de l\u2019AIS \u2013 Association<br \/>Italienne des Sommeliers.<\/p>\r\n<p style=\"text-align: center;\">Participation au co\u00fbt du repas : 15 euros par personne.<br \/>R\u00e9servation obligatoire (55 places maximum) : Restaurant<br \/>Lo Vigneron, t\u00e9l. : 0165\/99218 &#8211; 320\/7038579.<\/p>","protected":false},"excerpt":{"rendered":"<p>DIMANCHE 25 MARS &#8211; 20h<br \/>\nArvier, Restaurant Le VigneronD\u00eener \u00ab Fromages fran\u00e7ais et vins vald\u00f4tains : une histoire d\u2019amour \u00bb<br \/>\nCette soir\u00e9e est organis\u00e9e en collaboration avec labiblioth\u00e8que d\u2019Arvier.<\/p>\n","protected":false},"author":1,"featured_media":0,"comment_status":"","ping_status":"open","sticky":false,"template":"","format":"standard","meta":{"footnotes":""},"categories":[39,1],"tags":[],"class_list":["post-3063","post","type-post","status-publish","format-standard","hentry","category-archivio","category-le-notizie"],"publishpress_future_action":{"enabled":false,"date":"2026-05-07 05:40:52","action":"category-add","newStatus":"draft","terms":[],"taxonomy":"category","extraData":[]},"publishpress_future_workflow_manual_trigger":{"enabledWorkflows":[]},"_links":{"self":[{"href":"https:\/\/arvier.eu\/fr\/wp-json\/wp\/v2\/posts\/3063","targetHints":{"allow":["GET"]}}],"collection":[{"href":"https:\/\/arvier.eu\/fr\/wp-json\/wp\/v2\/posts"}],"about":[{"href":"https:\/\/arvier.eu\/fr\/wp-json\/wp\/v2\/types\/post"}],"author":[{"embeddable":true,"href":"https:\/\/arvier.eu\/fr\/wp-json\/wp\/v2\/users\/1"}],"replies":[{"embeddable":true,"href":"https:\/\/arvier.eu\/fr\/wp-json\/wp\/v2\/comments?post=3063"}],"version-history":[{"count":0,"href":"https:\/\/arvier.eu\/fr\/wp-json\/wp\/v2\/posts\/3063\/revisions"}],"wp:attachment":[{"href":"https:\/\/arvier.eu\/fr\/wp-json\/wp\/v2\/media?parent=3063"}],"wp:term":[{"taxonomy":"category","embeddable":true,"href":"https:\/\/arvier.eu\/fr\/wp-json\/wp\/v2\/categories?post=3063"},{"taxonomy":"post_tag","embeddable":true,"href":"https:\/\/arvier.eu\/fr\/wp-json\/wp\/v2\/tags?post=3063"}],"curies":[{"name":"wp","href":"https:\/\/api.w.org\/{rel}","templated":true}]}}