{"id":3131,"date":"2012-06-17T12:00:00","date_gmt":"2012-06-17T10:00:00","guid":{"rendered":"https:\/\/arvier.eu\/2012\/06\/17\/resoconto-una-grande-forma-di-solidarieta\/"},"modified":"2012-06-17T12:00:00","modified_gmt":"2012-06-17T10:00:00","slug":"resoconto-una-grande-forma-di-solidarieta","status":"publish","type":"post","link":"https:\/\/arvier.eu\/fr\/resoconto-una-grande-forma-di-solidarieta\/","title":{"rendered":"Resoconto \u00ab\u00a0Una grande forma di solidariet\u00e0\u00a0\u00bb"},"content":{"rendered":"\r\n<p style=\"text-align: justify;\"><br \/>La grande forma da 40 kg \u00e8 stata sezionata grazie al prezioso contributo dell\u2019alimentari CRAI in quasi cento pezzi e messi a disposizione all\u2019uscita della SS. Messa domenicale del 17 giugno a fronte di un\u2019offerta minima di 15,00 \u20ac. La risposta dei nostri cittadini non poteva che essere massiccia.<br \/>Il ricavato totale dell\u2019iniziativa ha sfiorato i 2.000,00 \u20ac, somma che l\u2019Amministrazione Comunale di Arvier, unitamente a quanto verr\u00e0 raccolto con altre iniziative gi\u00e0 in programma a cura di alcune delle associazione presenti sul nostro territorio tra le quali la Biblioteca comunale, la Pro Loco con il patrocinio dell\u2019Associazione Nazionale Citt\u00e0 del Vino, gli alpini e la cantoria, provveder\u00e0 a consegnare alla giunta comunale di Bondeno, cittadina terremotata di circa 15.000 abitanti in provincia di Ferrara.<br \/>La scelta di Bondeno non \u00e8 stata casuale; alcuni nostri concittadini, infatti, sono originari proprio di quella zona e alcuni bondenesi intrattengono rapporti stretti con il nostro comune. Dopo aver apprezzato la nostra comunit\u00e0 durante diversi anni per le sue bellezze, nel momento del bisogno post-terremoto hanno trovato ospitalit\u00e0 presso i parenti ad Arvier.<br \/>Sono stati, pertanto, presi alcuni contatti con il sindaco di Bondeno Alan Fabbri, per manifestargli la volont\u00e0 del comune di Arvier di sostenere con una raccolta fondi alcune iniziative messa in campo nell\u2019immediatezza del dopo terremoto.<br \/>Il primo cittadino bondenese ha voluto ringraziare personalmente l\u2019amministrazione e gli abitanti di Arvier con alcune parole dettate dal cuore, lette durante la manifestazione di domenica ai presenti\u2026<\/p>\r\n<p style=\"text-align: justify;\"><em>Carissimo Chistian,<\/em><br \/><em>sono a ringraziare veramente di cuore per la generosit\u00e0, la vicinanza, la solidariet\u00e0 che la comunit\u00e0 di Arvier ci ha trasmesso tramite Lei. Grazie infinite per le iniziative a scopo benefico  che sono state organizzate: fino da ora anticipo che questi fondi saranno destinati ad interventi per le scuole,  che per noi rappresentano una priorit\u00e0. Poich\u00e9 siamo in emergenza non so se sar\u00e0 possibile una partecipazione personale domenica 17 anche se ci piacerebbe poter stringere direttamente la mano ai tanti cittadini che si stanno impegnando per noi; ma confido che l&rsquo;occasione verr\u00e0. Certamente sar\u00e0 pubblicamente riconosciuto e comunicato l&rsquo;aiuto nelle varie forme che tanti ci stanno riservando. Grazie ancora, con l&rsquo;impegno per un arrivederci!<\/em><br \/><em>Alan Fabbri<\/em><br \/><em>Sindaco di Bondeno<\/em><\/p>\r\n<p><em><\/em><\/p>\r\n<p style=\"text-align: justify;\">Toccanti le testimonianze di Patrizia Pradelli, Paolo Poggioli e di una loro cugina bondenese, salita ad Arvier per l\u2019occasione, che hanno voluto rappresentare le difficolt\u00e0 incontrate in queste settimane, ma soprattutto esprimere il loro profondo ringraziamento per l\u2019aiuto loro prestato. Hanno altres\u00ec assicurato che il popolo emiliano, forte della sua tenacia, non si far\u00e0 abbattere dalla seppur immane tragedia e ripartir\u00e0 con slancio anche questa volta\u2026<\/p>","protected":false},"excerpt":{"rendered":"<p>UNA GRANDE FORMA DI SOLIDARIETA\u2019\u2026<\/p>\n<p>\u2026 la forma \u00e8 quella di parmigiano reggiano consegnata dalla colonna della Protezione Civile di Aosta di rientro dalle zone terremotate dell\u2019Emilia all\u2019Amministrazione Comunale e acquistata da quest\u2019ultima presso un produttore locale la cui azienda \u00e8 stata gravemente danneggiata dal sisma\u2026\u2026 la solidariet\u00e0 \u00e8 quella della comunit\u00e0 di Arvier tutta intera, che, come sempre accade in questi casi, ancora una volta si \u00e8 dimostrata sensibile e pronta a rispondere \u201cpresente!\u201d a sostegno di popolazioni in difficolt\u00e0\u2026<\/p>\n","protected":false},"author":1,"featured_media":3132,"comment_status":"","ping_status":"open","sticky":false,"template":"","format":"standard","meta":{"footnotes":""},"categories":[39,1],"tags":[],"class_list":["post-3131","post","type-post","status-publish","format-standard","has-post-thumbnail","hentry","category-archivio","category-le-notizie"],"publishpress_future_action":{"enabled":false,"date":"2026-05-07 12:15:53","action":"category-add","newStatus":"draft","terms":[],"taxonomy":"category","extraData":[]},"publishpress_future_workflow_manual_trigger":{"enabledWorkflows":[]},"_links":{"self":[{"href":"https:\/\/arvier.eu\/fr\/wp-json\/wp\/v2\/posts\/3131","targetHints":{"allow":["GET"]}}],"collection":[{"href":"https:\/\/arvier.eu\/fr\/wp-json\/wp\/v2\/posts"}],"about":[{"href":"https:\/\/arvier.eu\/fr\/wp-json\/wp\/v2\/types\/post"}],"author":[{"embeddable":true,"href":"https:\/\/arvier.eu\/fr\/wp-json\/wp\/v2\/users\/1"}],"replies":[{"embeddable":true,"href":"https:\/\/arvier.eu\/fr\/wp-json\/wp\/v2\/comments?post=3131"}],"version-history":[{"count":0,"href":"https:\/\/arvier.eu\/fr\/wp-json\/wp\/v2\/posts\/3131\/revisions"}],"wp:featuredmedia":[{"embeddable":true,"href":"https:\/\/arvier.eu\/fr\/wp-json\/wp\/v2\/media\/3132"}],"wp:attachment":[{"href":"https:\/\/arvier.eu\/fr\/wp-json\/wp\/v2\/media?parent=3131"}],"wp:term":[{"taxonomy":"category","embeddable":true,"href":"https:\/\/arvier.eu\/fr\/wp-json\/wp\/v2\/categories?post=3131"},{"taxonomy":"post_tag","embeddable":true,"href":"https:\/\/arvier.eu\/fr\/wp-json\/wp\/v2\/tags?post=3131"}],"curies":[{"name":"wp","href":"https:\/\/api.w.org\/{rel}","templated":true}]}}