{"id":3143,"date":"2012-07-08T12:00:00","date_gmt":"2012-07-08T10:00:00","guid":{"rendered":"https:\/\/arvier.eu\/2012\/07\/08\/resoconto-leverogne-en-musique\/"},"modified":"2012-07-08T12:00:00","modified_gmt":"2012-07-08T10:00:00","slug":"resoconto-leverogne-en-musique","status":"publish","type":"post","link":"https:\/\/arvier.eu\/fr\/resoconto-leverogne-en-musique\/","title":{"rendered":"Resoconto Leverogne en Musique"},"content":{"rendered":"\r\n<p>Il percorso, che permette di scoprire  questa antica via di comunicazione, era caratterizzato dalla  presenza della musica degli allievi della <a href=\"http:\/\/www.imaosta.com\/Home.aspx\">SFOM<\/a>, da punti di assaggio di prodotti enogastronomici legati al territorio, e da artigianato nato nel borgo stesso. La giornata di festa si \u00e8 conclusa in localit\u00e0 les Balmes, nel padiglione allestito dalla pro loco, con la possibilit\u00e0 di degustare una cena a base di prosciutto alla brace. L&rsquo;evento ha dato la possiblit\u00e0, grazie anche alla collaborazione dell&rsquo;associazione <a href=\"http:\/\/www.terredelvino.net\/it\/scheda\/comune-di-arvier\">Citt\u00e0 del Vino<\/a>, di cui l&rsquo;amministrazione comunale fa parte, di proseguire con il progetto \u00ab\u00a0una forma di solidariet\u00e0\u00a0\u00bb a favore di un paese terremotato, la raccolta ha fruttato circa 1000 euro.<\/p>\r\n<p>Di seguito alcuni momenti della festa:<\/p>\r\n<table border=\"0\" align=\"center\" data-mce-new=\"1\">\r\n<tbody>\r\n<tr>\r\n<td><\/td>\r\n<td><img loading=\"lazy\" decoding=\"async\" alt=\"Leve 3b\" src=\"https:\/\/www.arvier.eu\/images\/stories\/news\/Pro-loco\/Leverogne_en_Musique\/Leve_3b.jpg\" width=\"400\" height=\"300\" \/><\/td>\r\n<\/tr>\r\n<tr>\r\n<td><img loading=\"lazy\" decoding=\"async\" alt=\"Leve 4b\" src=\"https:\/\/www.arvier.eu\/images\/stories\/news\/Pro-loco\/Leverogne_en_Musique\/Leve_4b.jpg\" width=\"400\" height=\"300\" \/><\/td>\r\n<td><img loading=\"lazy\" decoding=\"async\" alt=\"Leve 5b\" src=\"https:\/\/www.arvier.eu\/images\/stories\/news\/Pro-loco\/Leverogne_en_Musique\/Leve_5b.jpg\" width=\"400\" height=\"300\" \/><\/td>\r\n<\/tr>\r\n<tr>\r\n<td><img loading=\"lazy\" decoding=\"async\" alt=\"Leve 6b\" src=\"https:\/\/www.arvier.eu\/images\/stories\/news\/Pro-loco\/Leverogne_en_Musique\/Leve_6b.jpg\" width=\"400\" height=\"300\" \/><\/td>\r\n<td><img loading=\"lazy\" decoding=\"async\" alt=\"Leve 7b\" src=\"https:\/\/www.arvier.eu\/images\/stories\/news\/Pro-loco\/Leverogne_en_Musique\/Leve_7b.jpg\" width=\"400\" height=\"300\" \/><\/td>\r\n<\/tr>\r\n<tr>\r\n<td><img loading=\"lazy\" decoding=\"async\" alt=\"Leve 8b\" src=\"https:\/\/www.arvier.eu\/images\/stories\/news\/Pro-loco\/Leverogne_en_Musique\/Leve_8b.jpg\" width=\"400\" height=\"300\" \/><\/td>\r\n<td><img loading=\"lazy\" decoding=\"async\" alt=\"Leve 9b\" src=\"https:\/\/www.arvier.eu\/images\/stories\/news\/Pro-loco\/Leverogne_en_Musique\/Leve_9b.jpg\" width=\"400\" height=\"300\" \/><\/td>\r\n<\/tr>\r\n<\/tbody>\r\n<\/table>\r\n<p> <\/p>\r\n<p> <\/p>\r\n<p> <\/p>\r\n<p> <\/p>\r\n<\/p>","protected":false},"excerpt":{"rendered":"<p>RESOCONTO LEVEROGNE EN MUSIQUE<\/p>\n<p>Sabato 7 luglio l&rsquo;antico borgo di Leverogne ha accolto per il quarto anno consecutivo la manifestazione \u00ab\u00a0Leverogne en Musique\u00a0\u00bb, organizzata in collaborazione da Biblioteca e Pro Loco e Co-Enfer.<\/p>\n","protected":false},"author":1,"featured_media":3144,"comment_status":"","ping_status":"open","sticky":false,"template":"","format":"standard","meta":{"footnotes":""},"categories":[39,1],"tags":[],"class_list":["post-3143","post","type-post","status-publish","format-standard","has-post-thumbnail","hentry","category-archivio","category-le-notizie"],"publishpress_future_action":{"enabled":false,"date":"2026-05-07 09:10:31","action":"category-add","newStatus":"draft","terms":[],"taxonomy":"category","extraData":[]},"publishpress_future_workflow_manual_trigger":{"enabledWorkflows":[]},"_links":{"self":[{"href":"https:\/\/arvier.eu\/fr\/wp-json\/wp\/v2\/posts\/3143","targetHints":{"allow":["GET"]}}],"collection":[{"href":"https:\/\/arvier.eu\/fr\/wp-json\/wp\/v2\/posts"}],"about":[{"href":"https:\/\/arvier.eu\/fr\/wp-json\/wp\/v2\/types\/post"}],"author":[{"embeddable":true,"href":"https:\/\/arvier.eu\/fr\/wp-json\/wp\/v2\/users\/1"}],"replies":[{"embeddable":true,"href":"https:\/\/arvier.eu\/fr\/wp-json\/wp\/v2\/comments?post=3143"}],"version-history":[{"count":0,"href":"https:\/\/arvier.eu\/fr\/wp-json\/wp\/v2\/posts\/3143\/revisions"}],"wp:featuredmedia":[{"embeddable":true,"href":"https:\/\/arvier.eu\/fr\/wp-json\/wp\/v2\/media\/3144"}],"wp:attachment":[{"href":"https:\/\/arvier.eu\/fr\/wp-json\/wp\/v2\/media?parent=3143"}],"wp:term":[{"taxonomy":"category","embeddable":true,"href":"https:\/\/arvier.eu\/fr\/wp-json\/wp\/v2\/categories?post=3143"},{"taxonomy":"post_tag","embeddable":true,"href":"https:\/\/arvier.eu\/fr\/wp-json\/wp\/v2\/tags?post=3143"}],"curies":[{"name":"wp","href":"https:\/\/api.w.org\/{rel}","templated":true}]}}