{"id":3147,"date":"2012-07-10T12:00:00","date_gmt":"2012-07-10T10:00:00","guid":{"rendered":"https:\/\/arvier.eu\/2012\/07\/10\/martedi-letterari-morandini\/"},"modified":"2012-07-10T12:00:00","modified_gmt":"2012-07-10T10:00:00","slug":"martedi-letterari-morandini","status":"publish","type":"post","link":"https:\/\/arvier.eu\/fr\/martedi-letterari-morandini\/","title":{"rendered":"Marted\u00ec Letterari: MORANDINI"},"content":{"rendered":"\r\n<p>\u00a0<\/p>\r\n<p style=\"text-align: justify;\">In un paese che somiglia molto da vicino all&rsquo;Italia di oggi, alcuni uomini esplorano le bizzarre deviazioni che hanno preso le loro vite. A ciascuno di loro manca qualcosa di inesprimibile ed essenziale (forse una donna, il lavoro o la felicit\u00e0). Per questo si muovono verso disperate e comiche avventure moderne. I loro cammini si rivelano insoddisfacenti ma irrevocabili. Cos\u00ec, spinti pi\u00f9 in l\u00e0 fra le umane brutture, i protagonisti si ritrovano pigiati dentro un&rsquo;automobile, in un territorio ostile e apocalittico alla fine del quale pare scorgersi una mostruosa creatura dantesca apparsa nei sogni di tutti loro.<\/p>\r\n<p style=\"text-align: justify;\">Un libro che inquadra le contraddizioni del nostro tempo: la bestialit\u00e0 degli istinti e l&rsquo;esplorazione animalesca dei territori selvaggi e sconosciuti, ma anche l&rsquo;educazione compita e la verbosit\u00e0 che fa da cornice alle relazioni personali, e i piccoli sotterfugi con cui si ingannano le necessit\u00e0 quotidiane. Una divertente epopea degli umilia met\u00e0 strada tra gli abissi dell&rsquo;esistenzialismo e il palco del cabaret.<\/p>\r\n<p>\u00a0<\/p>","protected":false},"excerpt":{"rendered":"<p>\u00a0 e la Biblioteca comunale di<\/p>\n<p>presentano: I MARTEDI&rsquo; LETTERARI<br \/>\nMARTEDI&rsquo; 17 LUGLIO ORE 21.00 &#8211; CAPPELLA SAN GIUSEPPE<br \/>\nCLAUDIO MORANDINIpresenta\u201cA GRAN GIORNATE\u201dIntroduzione di NATHALIE DORIGATO<\/p>\n<p>Un esilarante romanzo picaresco, un\u2019allegoria della vita per leggere con uno sguardo nuovo i nostri giorni. Scrittore aostano, con alle spalle numerose fortunate pubblicazioni, si cimenta con una nuova storia<\/p>\n","protected":false},"author":1,"featured_media":0,"comment_status":"","ping_status":"open","sticky":false,"template":"","format":"standard","meta":{"footnotes":""},"categories":[39,1],"tags":[],"class_list":["post-3147","post","type-post","status-publish","format-standard","hentry","category-archivio","category-le-notizie"],"publishpress_future_action":{"enabled":false,"date":"2026-05-07 06:33:06","action":"category-add","newStatus":"draft","terms":[],"taxonomy":"category","extraData":[]},"publishpress_future_workflow_manual_trigger":{"enabledWorkflows":[]},"_links":{"self":[{"href":"https:\/\/arvier.eu\/fr\/wp-json\/wp\/v2\/posts\/3147","targetHints":{"allow":["GET"]}}],"collection":[{"href":"https:\/\/arvier.eu\/fr\/wp-json\/wp\/v2\/posts"}],"about":[{"href":"https:\/\/arvier.eu\/fr\/wp-json\/wp\/v2\/types\/post"}],"author":[{"embeddable":true,"href":"https:\/\/arvier.eu\/fr\/wp-json\/wp\/v2\/users\/1"}],"replies":[{"embeddable":true,"href":"https:\/\/arvier.eu\/fr\/wp-json\/wp\/v2\/comments?post=3147"}],"version-history":[{"count":0,"href":"https:\/\/arvier.eu\/fr\/wp-json\/wp\/v2\/posts\/3147\/revisions"}],"wp:attachment":[{"href":"https:\/\/arvier.eu\/fr\/wp-json\/wp\/v2\/media?parent=3147"}],"wp:term":[{"taxonomy":"category","embeddable":true,"href":"https:\/\/arvier.eu\/fr\/wp-json\/wp\/v2\/categories?post=3147"},{"taxonomy":"post_tag","embeddable":true,"href":"https:\/\/arvier.eu\/fr\/wp-json\/wp\/v2\/tags?post=3147"}],"curies":[{"name":"wp","href":"https:\/\/api.w.org\/{rel}","templated":true}]}}