{"id":3199,"date":"2012-09-27T12:00:00","date_gmt":"2012-09-27T10:00:00","guid":{"rendered":"https:\/\/arvier.eu\/2012\/09\/27\/solidarieta-terremotati\/"},"modified":"2012-09-27T12:00:00","modified_gmt":"2012-09-27T10:00:00","slug":"solidarieta-terremotati","status":"publish","type":"post","link":"https:\/\/arvier.eu\/fr\/solidarieta-terremotati\/","title":{"rendered":"Solidariet\u00e0 Terremotati"},"content":{"rendered":"<hr \/>\r\n<table border=\"0\" align=\"center\">\r\n<tbody>\r\n<tr>\r\n<td>\r\n<div style=\"text-align: center;\"><span style=\"font-size: 12pt;\"><strong>SOLIDARIETA&rsquo; PER I TERREMOTATI<\/strong><\/span><\/div>\r\n<div style=\"text-align: center;\"><span style=\"font-size: 12pt;\"><strong>DELL&rsquo;EMILIA ROMAGNA<\/strong><\/span><\/div>\r\n<\/td>\r\n<\/tr>\r\n<\/tbody>\r\n<\/table>\r\n<p>L&rsquo;Amministrazione Comunale ha provveduto ad aprire un conto corrente bancario presso la BCC di Arvier sul quale sono state versate le somme raccolte in questi mesi durante le varie iniziative di solidariet\u00e0 organizzate in collaborazione con <br \/>alcune associazioni presenti sul nostro territorio, tra le quali la <a href=\"pro-loco.html\">Pro Loco <\/a>e il <a href=\"gruppo-ana-arvier.html\">Gruppo Alpini<\/a>.<br \/><br \/>Il conto corrente sar\u00e0 ancora attivo <strong><span style=\"background-color: #ffff00;\">fino al 15 di ottobre<\/span><\/strong> per dare la possibilit\u00e0 a chi lo desiderasse di effettuare una donazione mediante bonifico bancario.<br \/><br \/>La somma raccolta verr\u00e0 consegnata all&rsquo;Amministrazione Comunale di Bondeno in provincia di Ferrara per alcuni lavori presso le scuole del paese.<br \/><br \/><\/p>\r\n<table style=\"margin-left: auto; margin-right: auto;\" border=\"0\">\r\n<tbody>\r\n<tr>\r\n<td><\/td>\r\n<td>\u00a0<strong>IBAN: IT68A0858729392000090100515<\/strong><\/td>\r\n<\/tr>\r\n<\/tbody>\r\n<\/table>\r\n<p style=\"text-align: center;\">GRAZIE ANCORA A TUTTI QUANTI HANNO DIMOSTRATO GRANDE SENSIBILITA&rsquo; E ALTRUISMO IN QUESTA INIZIATIVA DI SOLIDARIETA&rsquo;.<\/p>","protected":false},"excerpt":{"rendered":"<p>SOLIDARIETA&rsquo; PER I TERREMOTATI<br \/>\nDELL&rsquo;EMILIA ROMAGNA<\/p>\n<p>L&rsquo;Amministrazione Comunale ha provveduto ad aprire un conto corrente bancario presso la BCC di Arvier sul quale sono state versate le somme raccolte in questi mesi durante le varie iniziative di solidariet\u00e0 organizzate in collaborazione con alcune associazioni presenti sul nostro territorio, tra le quali la Pro Loco e il Gruppo Alpini.Il conto corrente sar\u00e0 ancora attivo fino al 15 di ottobre per dare la possibilit\u00e0 a chi lo desiderasse di effettuare una donazione mediante bonifico bancario.La somma raccolta verr\u00e0 consegnata all&rsquo;Amministrazione Comunale di Bondeno in provincia di Ferrara per alcuni lavori presso le scuole del paese.<\/p>\n<p>\u00a0IBAN: IT68A0858729392000090100515<\/p>\n<p>GRAZIE ANCORA A TUTTI QUANTI HANNO DIMOSTRATO GRANDE SENSIBILITA&rsquo; E ALTRUISMO IN QUESTA INIZIATIVA DI SOLIDARIETA&rsquo;.<\/p>\n","protected":false},"author":1,"featured_media":3200,"comment_status":"","ping_status":"open","sticky":false,"template":"","format":"standard","meta":{"footnotes":""},"categories":[39,1],"tags":[],"class_list":["post-3199","post","type-post","status-publish","format-standard","has-post-thumbnail","hentry","category-archivio","category-le-notizie"],"publishpress_future_action":{"enabled":false,"date":"2026-05-02 10:30:29","action":"category-add","newStatus":"draft","terms":[],"taxonomy":"category","extraData":[]},"publishpress_future_workflow_manual_trigger":{"enabledWorkflows":[]},"_links":{"self":[{"href":"https:\/\/arvier.eu\/fr\/wp-json\/wp\/v2\/posts\/3199","targetHints":{"allow":["GET"]}}],"collection":[{"href":"https:\/\/arvier.eu\/fr\/wp-json\/wp\/v2\/posts"}],"about":[{"href":"https:\/\/arvier.eu\/fr\/wp-json\/wp\/v2\/types\/post"}],"author":[{"embeddable":true,"href":"https:\/\/arvier.eu\/fr\/wp-json\/wp\/v2\/users\/1"}],"replies":[{"embeddable":true,"href":"https:\/\/arvier.eu\/fr\/wp-json\/wp\/v2\/comments?post=3199"}],"version-history":[{"count":0,"href":"https:\/\/arvier.eu\/fr\/wp-json\/wp\/v2\/posts\/3199\/revisions"}],"wp:featuredmedia":[{"embeddable":true,"href":"https:\/\/arvier.eu\/fr\/wp-json\/wp\/v2\/media\/3200"}],"wp:attachment":[{"href":"https:\/\/arvier.eu\/fr\/wp-json\/wp\/v2\/media?parent=3199"}],"wp:term":[{"taxonomy":"category","embeddable":true,"href":"https:\/\/arvier.eu\/fr\/wp-json\/wp\/v2\/categories?post=3199"},{"taxonomy":"post_tag","embeddable":true,"href":"https:\/\/arvier.eu\/fr\/wp-json\/wp\/v2\/tags?post=3199"}],"curies":[{"name":"wp","href":"https:\/\/api.w.org\/{rel}","templated":true}]}}