{"id":3323,"date":"2013-03-01T12:00:00","date_gmt":"2013-03-01T11:00:00","guid":{"rendered":"https:\/\/arvier.eu\/2013\/03\/01\/al-via-il-corso-di-cucina-2013\/"},"modified":"2013-03-01T12:00:00","modified_gmt":"2013-03-01T11:00:00","slug":"al-via-il-corso-di-cucina-2013","status":"publish","type":"post","link":"https:\/\/arvier.eu\/fr\/al-via-il-corso-di-cucina-2013\/","title":{"rendered":"Al via il Corso di Cucina 2013"},"content":{"rendered":"\r\n<p>\u00a0<\/p>\r\n<p style=\"text-align: justify;\">I 12 partecipanti al corso, di cui 10 donne e \u00ab\u00a0solamente\u00a0\u00bb due \u00ab\u00a0coraggiosi\u00a0\u00bb uomini, hanno potuto cimentarsi nel menu proposto dal cuoco, composto da un antipasto, un primo ed un dolce. <br \/>Al termine della lezione gli iscritti hanno potuto gustare in allegra compagnia i piatti cucinati con le proprie mani: senza dubbio una cena del tutto meritata!!!.<br \/>Durante le prossime due lezioni, che si terranno luned\u00ec 4 marzo e luned\u00ec 11 marzo, sempre presso il Ristorante Caf\u00e8 du Bourg a partire dalle ore 18.30, i partecipanti scopriranno i nuovi menu pensati dalla cuoca&#8230;<br \/>La Pro Loco di Arvier ringrazia tutte le persone che si sono iscritte al corso, oltre al Caf\u00e8 du Bourg per la preziosa collaborazione, ed augura a tutti un buon corso e&#8230;.<strong>BUON APPETITO!!! <\/strong><br \/>Aspettiamo con ansia un invito a cena!!!!<\/p>\r\n<table border=\"0\" align=\"center\">\r\n<tbody>\r\n<tr>\r\n<td><a href=\"https:\/\/www.arvier.eu\/2021\/images\/stories\/news\/Pro-loco\/cucina_2H.jpg\"><\/a><\/td>\r\n<td><a href=\"https:\/\/www.arvier.eu\/2021\/images\/stories\/news\/Pro-loco\/cucina_1H.jpg\"><img loading=\"lazy\" decoding=\"async\" alt=\"cucina 1b\" src=\"https:\/\/www.arvier.eu\/images\/stories\/news\/Pro-loco\/cucina_1b.jpg\" width=\"250\" height=\"188\" \/><\/a><\/td>\r\n<\/tr>\r\n<\/tbody>\r\n<\/table>\r\n<p>\u00a0<\/p>\r\n<p>\u00a0<\/p>\r\n<p>\u00a0<\/p>\r\n<p>\u00a0<\/p>\r\n<p>\u00a0<\/p>\r\n<p>\u00a0<\/p>\r\n<p>\u00a0<\/p>\r\n<p>\u00a0<\/p>\r\n<p>\u00a0<\/p>\r\n<p>\u00a0<\/p>\r\n<p>\u00a0<\/p>\r\n<p>\u00a0<\/p>\r\n<p>\u00a0<\/p>\r\n<\/p>\r\n<\/p>\r\n<\/p>","protected":false},"excerpt":{"rendered":"<p>AL VIA IL CORSO DI CUCINA 2013<\/p>\n<p>La Proloco di Arvier, in collaborazione con il Ristorante Caf\u00e8 du Bourg, ha organizzato un corso di cucina, la cui prima lezione si \u00e8 luned\u00ec 25 febbraio 2013 ed a cui ha partecipato un nutrito gruppo di persone interessate ad apprendere le arti del mestiere, ad affinare le proprie abilit\u00e0 culinarie e, soprattrutto, a scoprire qualche stuzzicante ricetta da riproporre a casa.<\/p>\n","protected":false},"author":1,"featured_media":3324,"comment_status":"","ping_status":"open","sticky":false,"template":"","format":"standard","meta":{"footnotes":""},"categories":[39,1],"tags":[],"class_list":["post-3323","post","type-post","status-publish","format-standard","has-post-thumbnail","hentry","category-archivio","category-le-notizie"],"publishpress_future_action":{"enabled":false,"date":"2026-05-07 06:45:28","action":"category-add","newStatus":"draft","terms":[],"taxonomy":"category","extraData":[]},"publishpress_future_workflow_manual_trigger":{"enabledWorkflows":[]},"_links":{"self":[{"href":"https:\/\/arvier.eu\/fr\/wp-json\/wp\/v2\/posts\/3323","targetHints":{"allow":["GET"]}}],"collection":[{"href":"https:\/\/arvier.eu\/fr\/wp-json\/wp\/v2\/posts"}],"about":[{"href":"https:\/\/arvier.eu\/fr\/wp-json\/wp\/v2\/types\/post"}],"author":[{"embeddable":true,"href":"https:\/\/arvier.eu\/fr\/wp-json\/wp\/v2\/users\/1"}],"replies":[{"embeddable":true,"href":"https:\/\/arvier.eu\/fr\/wp-json\/wp\/v2\/comments?post=3323"}],"version-history":[{"count":0,"href":"https:\/\/arvier.eu\/fr\/wp-json\/wp\/v2\/posts\/3323\/revisions"}],"wp:featuredmedia":[{"embeddable":true,"href":"https:\/\/arvier.eu\/fr\/wp-json\/wp\/v2\/media\/3324"}],"wp:attachment":[{"href":"https:\/\/arvier.eu\/fr\/wp-json\/wp\/v2\/media?parent=3323"}],"wp:term":[{"taxonomy":"category","embeddable":true,"href":"https:\/\/arvier.eu\/fr\/wp-json\/wp\/v2\/categories?post=3323"},{"taxonomy":"post_tag","embeddable":true,"href":"https:\/\/arvier.eu\/fr\/wp-json\/wp\/v2\/tags?post=3323"}],"curies":[{"name":"wp","href":"https:\/\/api.w.org\/{rel}","templated":true}]}}