{"id":3327,"date":"2013-03-08T12:00:00","date_gmt":"2013-03-08T11:00:00","guid":{"rendered":"https:\/\/arvier.eu\/2013\/03\/08\/veille-sociale\/"},"modified":"2013-03-08T12:00:00","modified_gmt":"2013-03-08T11:00:00","slug":"veille-sociale","status":"publish","type":"post","link":"https:\/\/arvier.eu\/fr\/veille-sociale\/","title":{"rendered":"Veille Sociale"},"content":{"rendered":"\r\n<p><strong>DA CHI \u00c8 PROMOSSO<\/strong><br \/>Il servizio \u00e8 promosso dalla comunit\u00e0 montana Grand Paradis nell\u2019ambito del progetto \u201cProage\u201d, co\ufb01nanziato dal fondo europeo di sviluppo regionale. <br \/>\u00c8 attivo in tutti i comuni del territorio: Arvier, Aymavilles, Avise, Cogne, Introd, Rh\u00eames-NotreDame, Rh\u00eames-Saint-Georges, Saint-Nicolas, Saint-Pierre, Sarre, Valgrisenche, Valsavarenche, Villeneuve.<\/p>\r\n<p>\u00a0<\/p>\r\n<p>\u00a0<\/p>\r\n<p><strong>QUALI ATTIVIT\u00c0\u00a0E SERVIZI OFFRE<\/strong><br \/>Gli operatori del servizio si recano a casa degli anziani sia su loro richiesta, sia per visite periodiche\u00a0per ascoltare i loro problemi e necessit\u00e0\u00a0o semplicemente per veri\ufb01 care che stiano bene.<br \/>Gli operatori della veille sociale possono diventare un punto di riferimento a cui rivolgersi quando ci si sente in dif\ufb01 colt\u00e0 e non si sa a chi chiedere aiuto.<br \/>Gli operatori, infatti, lavorando in collaborazione con le amministrazioni comunali e con le organizzazioni presenti nella comunit\u00e0 montana possono essere utili per suggerire eventuali servizi gi\u00e0 presenti sul territorio.<\/p>\r\n<p><strong>CHI SONO GLI OPERATORI CHE SI RECANO A DOMICILIO<\/strong><\/p>\r\n<p><\/p>\r\n<p>Gli operatori del servizio di veille sociale, lavorano da anni nei servizi socio-assistenziali del territorio e, grazie alla loro grande esperienza e professionalit\u00e0, potranno dare un aiuto concreto a chiunque ne abbia bisogno.<\/p>\r\n<p><strong>A CHI RIVOLGERSI PER CHIEDERE INFORMAZIONI<\/strong><br \/>Ulteriori informazioni\u00a0sul servizio possono essere richieste alla comunit\u00e0 montana Grand Paradis\u00a0servizio assistenza anziani e disabili\u00a0tel. 0165 921814\u00a0oppure direttamente agli operatori, telefonando, dalle 8.30 alle 16.00,\u00a0al numero telefonico:\u00a0320 9409576.<\/p>\r\n<p><a class=\"doclink\" href=\"index.php?option=com_docman&#038;task=doc_download&#038;gid=114&#038;Itemid=185\" style=\"line-height: 1.3em;\"><img decoding=\"async\" border=\"0\" src=\"\/components\/com_docman\/themes\/default\/images\/icons\/16x16\/pdf.png\" alt=\"icon\" \/>\u00a0Veille Sociale (1.26 MB)<\/a><\/p>","protected":false},"excerpt":{"rendered":"<p>\u00a0<\/p>\n<p>COS\u2019\u00c8 IL SERVIZIO\u00a0DI VEILLE SOCIALE<br \/>\nIl servizio di veille sociale nasce come un\u2019attivit\u00e0 di supporto agli anziani residenti nei comuni della comunit\u00e0 montana Grand Paradis. Vuole essere un sostegno nella vita quotidiana dell\u2019anziano e un aiuto nel risolvere alcune piccole dif\ufb01 colt\u00e0.<br \/>\nA CHI \u00c8 RIVOLTOIl servizio di veille sociale \u00e8 gratuito ed \u00e8 indirizzato a tutte le persone anziane del territorio e alle loro famiglie.\u00a0\u00a0<\/p>\n","protected":false},"author":1,"featured_media":3328,"comment_status":"","ping_status":"open","sticky":false,"template":"","format":"standard","meta":{"footnotes":""},"categories":[39,1],"tags":[],"class_list":["post-3327","post","type-post","status-publish","format-standard","has-post-thumbnail","hentry","category-archivio","category-le-notizie"],"publishpress_future_action":{"enabled":false,"date":"2026-05-07 03:51:14","action":"category-add","newStatus":"draft","terms":[],"taxonomy":"category","extraData":[]},"publishpress_future_workflow_manual_trigger":{"enabledWorkflows":[]},"_links":{"self":[{"href":"https:\/\/arvier.eu\/fr\/wp-json\/wp\/v2\/posts\/3327","targetHints":{"allow":["GET"]}}],"collection":[{"href":"https:\/\/arvier.eu\/fr\/wp-json\/wp\/v2\/posts"}],"about":[{"href":"https:\/\/arvier.eu\/fr\/wp-json\/wp\/v2\/types\/post"}],"author":[{"embeddable":true,"href":"https:\/\/arvier.eu\/fr\/wp-json\/wp\/v2\/users\/1"}],"replies":[{"embeddable":true,"href":"https:\/\/arvier.eu\/fr\/wp-json\/wp\/v2\/comments?post=3327"}],"version-history":[{"count":0,"href":"https:\/\/arvier.eu\/fr\/wp-json\/wp\/v2\/posts\/3327\/revisions"}],"wp:featuredmedia":[{"embeddable":true,"href":"https:\/\/arvier.eu\/fr\/wp-json\/wp\/v2\/media\/3328"}],"wp:attachment":[{"href":"https:\/\/arvier.eu\/fr\/wp-json\/wp\/v2\/media?parent=3327"}],"wp:term":[{"taxonomy":"category","embeddable":true,"href":"https:\/\/arvier.eu\/fr\/wp-json\/wp\/v2\/categories?post=3327"},{"taxonomy":"post_tag","embeddable":true,"href":"https:\/\/arvier.eu\/fr\/wp-json\/wp\/v2\/tags?post=3327"}],"curies":[{"name":"wp","href":"https:\/\/api.w.org\/{rel}","templated":true}]}}