{"id":3381,"date":"2013-06-02T12:00:00","date_gmt":"2013-06-02T10:00:00","guid":{"rendered":"https:\/\/arvier.eu\/2013\/06\/02\/resoconto-giornata-dei-sentieri-2013\/"},"modified":"2013-06-02T12:00:00","modified_gmt":"2013-06-02T10:00:00","slug":"resoconto-giornata-dei-sentieri-2013","status":"publish","type":"post","link":"https:\/\/arvier.eu\/fr\/resoconto-giornata-dei-sentieri-2013\/","title":{"rendered":"Resoconto Giornata dei Sentieri 2013"},"content":{"rendered":"\r\n<p style=\"text-align: justify;\"><br \/>Erano presenti anche una decina di bambini attrezzati per fare la loro parte.<br \/>Sono state, cos\u00ec, formate 5 squadre con rispettiva destinazione Mecosse, La Ravoire, Chamen\u00e7on, Grand-Haury e Adret.<br \/>Mecosse-Lyveroulaz, La Ravoire-Lolair, Chamin-Pileo (con aggiunta del tratto da Chamen\u00e7on a Chamin), Grand-Haury-Montmayeur-Strada Regionale per Valgrisenche, oltre a Grand-Haury-Les Combes, e Montaverain-Saint-Nicolas sono stati i sentieri interessati dall\u2019iniziativa.<\/p>\r\n<table border=\"0\" align=\"center\">\r\n<tbody>\r\n<tr>\r\n<td><a href=\"https:\/\/www.arvier.eu\/2021\/images\/stories\/news\/COMUNE\/Corv\u00e9e\/Sentieri_2H.jpg\"><\/a><\/td>\r\n<td><a href=\"https:\/\/www.arvier.eu\/2021\/images\/stories\/news\/COMUNE\/Corv\u00e9e\/Sentieri_3H.jpg\"><img loading=\"lazy\" decoding=\"async\" alt=\"Sentieri 3b\" src=\"https:\/\/www.arvier.eu\/images\/stories\/news\/COMUNE\/Corv\u00e9e\/Sentieri_3b.jpg\" width=\"225\" height=\"169\" \/><\/a><\/td>\r\n<\/tr>\r\n<\/tbody>\r\n<\/table>\r\n<p style=\"text-align: justify;\"><br \/>Durante la settimana precedente, Marcello aveva posizionato la segnaletica verticale mancante, fornita dalla Regione: nel corso dell\u2019estate una squadra di volenterosi si occuper\u00e0 inoltre di ridipingere le frecce gialle che col tempo si sono sbiadite.<\/p>\r\n<table border=\"0\" align=\"center\">\r\n<tbody>\r\n<tr>\r\n<td><a href=\"https:\/\/www.arvier.eu\/2021\/images\/stories\/news\/COMUNE\/Corv\u00e9e\/Sentieri_4H.jpg\"><img loading=\"lazy\" decoding=\"async\" alt=\"Sentieri 4b\" src=\"https:\/\/www.arvier.eu\/images\/stories\/news\/COMUNE\/Corv\u00e9e\/Sentieri_4b.jpg\" width=\"225\" height=\"300\" \/><\/a><\/td>\r\n<td><a href=\"https:\/\/www.arvier.eu\/2021\/images\/stories\/news\/COMUNE\/Corv\u00e9e\/Sentieri_5H.jpg\"><img loading=\"lazy\" decoding=\"async\" alt=\"Sentieri 5b\" src=\"https:\/\/www.arvier.eu\/images\/stories\/news\/COMUNE\/Corv\u00e9e\/Sentieri_5b.jpg\" width=\"225\" height=\"300\" \/><\/a><\/td>\r\n<\/tr>\r\n<\/tbody>\r\n<\/table>\r\n<p style=\"text-align: justify;\"><br \/>Il sentiero La Cr\u00eate-Verney ed il tratto Leverogne-Verney, cos\u00ec come quello Grand-Haury-Pileo, saranno, invece, ripuliti grazie al lavoro degli addetti del cantiere regionale che si stanno occupando egregiamente del rifacimento del sentiero Verney-Grand-Haury.<br \/>L\u2019Amministrazione comunale coglie l\u2019occasione per ringraziare &#8211; oltre gli Alpini di Arvier che non fanno mai mancare la loro collaborazione e che, per l\u2019occasione, hanno cucinato il pranzo conclusivo offerto gratuitamente ai partecipanti &#8211; tutti i volontari intervenuti, chi durante la mattinata ha fatto da vivandiere (a Porch\u00e8re sono arrivati panini ben imbottiti al prosciutto\u2026..) e tutti coloro che nel corso dell\u2019anno transitano sui nostri sentieri\u2026. con il corbet.<br \/>Arrivederci, sui sentieri di Arvier\u2026.<\/p>\r\n<p style=\"text-align: center;\"><a href=\"https:\/\/www.arvier.eu\/2021\/images\/stories\/news\/COMUNE\/Corv\u00e9e\/Sentieri_6H.jpg\"><img loading=\"lazy\" decoding=\"async\" alt=\"Sentieri 6b\" src=\"https:\/\/www.arvier.eu\/images\/stories\/news\/COMUNE\/Corv\u00e9e\/Sentieri_6b.jpg\" width=\"450\" height=\"338\" \/><\/a><\/p>\r\n<p>\u00a0<\/p>\r\n<p>\u00a0<\/p>","protected":false},"excerpt":{"rendered":"<p>\u00a0<\/p>\n<p>RESOCONTO GIORNATA DEI SENTIERI 1-06-2013<\/p>\n<p>Sabato 1\u00b0 giugno sui sentieri di Arvier c\u2019\u00e8 stato movimento: la commissione consiliare comunale \u201cTerritorio e Ambiente\u201d, in collaborazione con il Gruppo Alpini di Arvier, aveva infatti organizzato una giornata a loro dedicata ed ottima \u00e8 stata la risposta della popolazione.Alle ore 8.00 pi\u00f9 di 30 volontari di ogni et\u00e0 si sono dati appuntamento all\u2019area verde, con tanto di pale, picchi, rastrelli, decespugliatori e motoseghe, pronti a lavorare per la comunit\u00e0 e a prendersi cura del sentiero a loro assegnato.<\/p>\n","protected":false},"author":1,"featured_media":3382,"comment_status":"","ping_status":"open","sticky":false,"template":"","format":"standard","meta":{"footnotes":""},"categories":[39,1],"tags":[],"class_list":["post-3381","post","type-post","status-publish","format-standard","has-post-thumbnail","hentry","category-archivio","category-le-notizie"],"publishpress_future_action":{"enabled":false,"date":"2026-05-07 20:35:45","action":"category-add","newStatus":"draft","terms":[],"taxonomy":"category","extraData":[]},"publishpress_future_workflow_manual_trigger":{"enabledWorkflows":[]},"_links":{"self":[{"href":"https:\/\/arvier.eu\/fr\/wp-json\/wp\/v2\/posts\/3381","targetHints":{"allow":["GET"]}}],"collection":[{"href":"https:\/\/arvier.eu\/fr\/wp-json\/wp\/v2\/posts"}],"about":[{"href":"https:\/\/arvier.eu\/fr\/wp-json\/wp\/v2\/types\/post"}],"author":[{"embeddable":true,"href":"https:\/\/arvier.eu\/fr\/wp-json\/wp\/v2\/users\/1"}],"replies":[{"embeddable":true,"href":"https:\/\/arvier.eu\/fr\/wp-json\/wp\/v2\/comments?post=3381"}],"version-history":[{"count":0,"href":"https:\/\/arvier.eu\/fr\/wp-json\/wp\/v2\/posts\/3381\/revisions"}],"wp:featuredmedia":[{"embeddable":true,"href":"https:\/\/arvier.eu\/fr\/wp-json\/wp\/v2\/media\/3382"}],"wp:attachment":[{"href":"https:\/\/arvier.eu\/fr\/wp-json\/wp\/v2\/media?parent=3381"}],"wp:term":[{"taxonomy":"category","embeddable":true,"href":"https:\/\/arvier.eu\/fr\/wp-json\/wp\/v2\/categories?post=3381"},{"taxonomy":"post_tag","embeddable":true,"href":"https:\/\/arvier.eu\/fr\/wp-json\/wp\/v2\/tags?post=3381"}],"curies":[{"name":"wp","href":"https:\/\/api.w.org\/{rel}","templated":true}]}}