{"id":3383,"date":"2013-06-05T12:00:00","date_gmt":"2013-06-05T10:00:00","guid":{"rendered":"https:\/\/arvier.eu\/2013\/06\/05\/imu-2013\/"},"modified":"2013-06-05T12:00:00","modified_gmt":"2013-06-05T10:00:00","slug":"imu-2013","status":"publish","type":"post","link":"https:\/\/arvier.eu\/fr\/imu-2013\/","title":{"rendered":"IMU 2013"},"content":{"rendered":"<p><a href=\"component\/content\/article.html?id=337\" title=\"Calcolo IMU Online\"><\/a><\/p>\r\n<p style=\"text-align: justify;\">Con l\u2019avvicinarsi della scadenza della prima rata dell\u2019Imu (Imposta Municipale Propria) prevista per il <span style=\"background-color: #ffff00;\" data-mce-mark=\"1\"><strong>17 giugno 2013<\/strong><\/span>, i contribuenti anche quest\u2019anno potranno usufruire della collaborazione dell\u2019ufficio tributi sia per il calcolo che per la stampa del modello di pagamento F24. <br \/>Si ricorda che l\u2019ufficio osserva il seguente orario:<\/p>\r\n<p style=\"text-align: center;\">Luned\u00ec 8,00-12,00 | 14,00-17,00<br \/>Marted\u00ec 8,00-12,00 chiuso<br \/>Mercoled\u00ec 8,00-12,00 chiuso<br \/>Gioved\u00ec 8,00-12,00 | 14,00-17,00<br \/>Venerd\u00ec 8,00-12,00 chiuso<\/p>\r\n<p style=\"text-align: justify;\"><br \/>Per evitare attese prolungate si consiglia di fissare un appuntamento telefonando al n. 0165\/929828.\u00a0<br \/>Si precisa che il D.L. 21.05.2013, n. 54 ha <span style=\"text-decoration: underline;\">prorogato al 16 settembre il pagamento della prima rata dell&rsquo;Imu 2013 unicamente per la prima abitazione e relative pertinenze<\/span>, mentre per tutti gli altri immobili e per le aree edificabili la scadenza per il versamento \u00e8 rimasta invariata (17.06.2013).<br \/>Si informa, inoltre, che \u00e8 possibile calcolare autonomamente l\u2019imposta dovuta usufruendo del <a href=\"component\/content\/article.html?id=337\" title=\"Calcolo IMU on-line\">calcolo IMU on-line<\/a>.<\/p>","protected":false},"excerpt":{"rendered":"<p>Con l\u2019avvicinarsi della scadenza della prima rata dell\u2019Imu (Imposta Municipale Propria) prevista per il 17 giugno 2013, i contribuenti anche quest\u2019anno potranno usufruire della collaborazione dell\u2019ufficio tributi sia per il calcolo che per la stampa del modello di pagamento F24. Si ricorda che l\u2019ufficio osserva il seguente orario:<br \/>\nLuned\u00ec 8,00-12,00 | 14,00-17,00Marted\u00ec 8,00-12,00 chiusoMercoled\u00ec 8,00-12,00 chiusoGioved\u00ec 8,00-12,00 | 14,00-17,00Venerd\u00ec 8,00-12,00 chiuso<br \/>\nPer evitare attese prolungate si consiglia di fissare un appuntamento telefonando al n. 0165\/929828.\u00a0Si precisa che il D.L. 21.05.2013, n. 54 ha prorogato al 16 settembre il pagamento della prima rata dell&rsquo;Imu 2013 unicamente per la prima abitazione e relative pertinenze, mentre per tutti gli altri immobili e per le aree edificabili la scadenza per il versamento \u00e8 rimasta invariata (17.06.2013).Si informa, inoltre, che \u00e8 possibile calcolare autonomamente l\u2019imposta dovuta usufruendo del calcolo IMU on-line.<\/p>\n","protected":false},"author":1,"featured_media":3384,"comment_status":"","ping_status":"open","sticky":false,"template":"","format":"standard","meta":{"footnotes":""},"categories":[39,1],"tags":[],"class_list":["post-3383","post","type-post","status-publish","format-standard","has-post-thumbnail","hentry","category-archivio","category-le-notizie"],"publishpress_future_action":{"enabled":false,"date":"2026-05-07 22:23:39","action":"category-add","newStatus":"draft","terms":[],"taxonomy":"category","extraData":[]},"publishpress_future_workflow_manual_trigger":{"enabledWorkflows":[]},"_links":{"self":[{"href":"https:\/\/arvier.eu\/fr\/wp-json\/wp\/v2\/posts\/3383","targetHints":{"allow":["GET"]}}],"collection":[{"href":"https:\/\/arvier.eu\/fr\/wp-json\/wp\/v2\/posts"}],"about":[{"href":"https:\/\/arvier.eu\/fr\/wp-json\/wp\/v2\/types\/post"}],"author":[{"embeddable":true,"href":"https:\/\/arvier.eu\/fr\/wp-json\/wp\/v2\/users\/1"}],"replies":[{"embeddable":true,"href":"https:\/\/arvier.eu\/fr\/wp-json\/wp\/v2\/comments?post=3383"}],"version-history":[{"count":0,"href":"https:\/\/arvier.eu\/fr\/wp-json\/wp\/v2\/posts\/3383\/revisions"}],"wp:featuredmedia":[{"embeddable":true,"href":"https:\/\/arvier.eu\/fr\/wp-json\/wp\/v2\/media\/3384"}],"wp:attachment":[{"href":"https:\/\/arvier.eu\/fr\/wp-json\/wp\/v2\/media?parent=3383"}],"wp:term":[{"taxonomy":"category","embeddable":true,"href":"https:\/\/arvier.eu\/fr\/wp-json\/wp\/v2\/categories?post=3383"},{"taxonomy":"post_tag","embeddable":true,"href":"https:\/\/arvier.eu\/fr\/wp-json\/wp\/v2\/tags?post=3383"}],"curies":[{"name":"wp","href":"https:\/\/api.w.org\/{rel}","templated":true}]}}