{"id":3471,"date":"2013-09-29T12:00:00","date_gmt":"2013-09-29T10:00:00","guid":{"rendered":"https:\/\/arvier.eu\/2013\/09\/29\/resoconto-messa-di-saluto-a-don-quinto-e-di-benvenuto-a-don-marian\/"},"modified":"2013-09-29T12:00:00","modified_gmt":"2013-09-29T10:00:00","slug":"resoconto-messa-di-saluto-a-don-quinto-e-di-benvenuto-a-don-marian","status":"publish","type":"post","link":"https:\/\/arvier.eu\/fr\/resoconto-messa-di-saluto-a-don-quinto-e-di-benvenuto-a-don-marian\/","title":{"rendered":"RESOCONTO MESSA DI SALUTO A DON QUINTO E DI BENVENUTO A DON MARIAN"},"content":{"rendered":"\r\n<p><br \/>Grande festa il 29 settembre nella chiesa di San Sulpizio: tanti amici, arvel\u00e8n e non solo, a porgere il benvenuto al giovane prete classe 1981.<br \/>Il saluto del sindaco Mauro Lucianaz, visibilmente emozionato, al termine della funzione a nome dell\u2019intera comunit\u00e0 e poche parole di grande umilt\u00e0 e sincerit\u00e0 di don Marian che ha concluso con un semplice ma efficace \u201cGrazie a tutti dell\u2019accoglienza\u2026 tanto poi ci vediamo\u2026\u201d.<br \/>Emozione anche per \u201cl\u2019arrivederci\u201d a don Quinto che dopo 18 anni ci saluta e raggiunge la meritata pensione.<br \/>Un rinnovato grazie a lui per quanto fatto in questi anni e un sincero benvenuto a don Marian\u2026 che possa trovare ad Arvier la sua nuova casa e una comunit\u00e0 che sicuramente sapr\u00e0 accoglierlo e apprezzarlo.<\/p>\r\n<table border=\"0\" align=\"center\">\r\n<tbody>\r\n<tr>\r\n<td><a href=\"https:\/\/www.arvier.eu\/2021\/images\/stories\/news\/CANTORIA\/Messa_2H.JPG\"><\/a><\/td>\r\n<\/tr>\r\n<\/tbody>\r\n<\/table>","protected":false},"excerpt":{"rendered":"<p>RESOCONTO MESSA DI SALUTO A DON QUINTO E DI BENVENUTO A DON MARIAN<\/p>\n<p>\u201cBondz\u00f2o a tcheutte\u2026\u201dSulle orme di Papa Francesco, che, nel discorso del suo insediamento sul soglio pontificio aveva esordito con un \u201cFratelli e sorelle\u2026 buonasera\u201d, ecco che don Marian Benchea entra a far parte della nostra comunit\u00e0 con un saluto in patois.<\/p>\n","protected":false},"author":1,"featured_media":3472,"comment_status":"","ping_status":"open","sticky":false,"template":"","format":"standard","meta":{"footnotes":""},"categories":[39,1],"tags":[],"class_list":["post-3471","post","type-post","status-publish","format-standard","has-post-thumbnail","hentry","category-archivio","category-le-notizie"],"publishpress_future_action":{"enabled":false,"date":"2026-05-09 08:30:46","action":"category-add","newStatus":"draft","terms":[],"taxonomy":"category","extraData":[]},"publishpress_future_workflow_manual_trigger":{"enabledWorkflows":[]},"_links":{"self":[{"href":"https:\/\/arvier.eu\/fr\/wp-json\/wp\/v2\/posts\/3471","targetHints":{"allow":["GET"]}}],"collection":[{"href":"https:\/\/arvier.eu\/fr\/wp-json\/wp\/v2\/posts"}],"about":[{"href":"https:\/\/arvier.eu\/fr\/wp-json\/wp\/v2\/types\/post"}],"author":[{"embeddable":true,"href":"https:\/\/arvier.eu\/fr\/wp-json\/wp\/v2\/users\/1"}],"replies":[{"embeddable":true,"href":"https:\/\/arvier.eu\/fr\/wp-json\/wp\/v2\/comments?post=3471"}],"version-history":[{"count":0,"href":"https:\/\/arvier.eu\/fr\/wp-json\/wp\/v2\/posts\/3471\/revisions"}],"wp:featuredmedia":[{"embeddable":true,"href":"https:\/\/arvier.eu\/fr\/wp-json\/wp\/v2\/media\/3472"}],"wp:attachment":[{"href":"https:\/\/arvier.eu\/fr\/wp-json\/wp\/v2\/media?parent=3471"}],"wp:term":[{"taxonomy":"category","embeddable":true,"href":"https:\/\/arvier.eu\/fr\/wp-json\/wp\/v2\/categories?post=3471"},{"taxonomy":"post_tag","embeddable":true,"href":"https:\/\/arvier.eu\/fr\/wp-json\/wp\/v2\/tags?post=3471"}],"curies":[{"name":"wp","href":"https:\/\/api.w.org\/{rel}","templated":true}]}}