{"id":3711,"date":"2014-09-08T12:00:00","date_gmt":"2014-09-08T10:00:00","guid":{"rendered":"https:\/\/arvier.eu\/2014\/09\/08\/inaugurazione-anno-scolastico-2014-2015\/"},"modified":"2014-09-08T12:00:00","modified_gmt":"2014-09-08T10:00:00","slug":"inaugurazione-anno-scolastico-2014-2015","status":"publish","type":"post","link":"https:\/\/arvier.eu\/fr\/inaugurazione-anno-scolastico-2014-2015\/","title":{"rendered":"Inaugurazione anno scolastico 2014-2015"},"content":{"rendered":"<p><\/p>\r\n<p style=\"text-align: center;\">L\u2019Assesseur \u00e0 l\u2019\u00e9ducation et \u00e0 la culture de la R\u00e9gion autonome Vall\u00e9e d\u2019Aoste, <strong>Emily Rini<\/strong>,<\/p>\r\n<p style=\"text-align: center;\">et le Syndic de la Commune de Arvier,<strong> Mauro Lucianaz<\/strong>,<\/p>\r\n<p style=\"text-align: center;\">ont le plaisir de vous inviter \u00e0 la c\u00e9r\u00e9monie de<\/p>\r\n<p style=\"text-align: center;\"><strong>l\u2019inauguration\u00a0de l\u2019ann\u00e9e scolaire 2014\/2015<\/strong><\/p>\r\n<p style=\"text-align: center;\">qui aura lieu le<strong> jeudi 11 septembre 2014 \u00e0 9 h 30 <\/strong><\/p>\r\n<p style=\"text-align: center;\">aupr\u00e8s de l\u2019\u00e9cole maternelle et primaire de Arvier 8\/10, rue Saint-Antoine &#8211; Arvier<\/p>","protected":false},"excerpt":{"rendered":"<p>L\u2019Assesseur \u00e0 l\u2019\u00e9ducation et \u00e0 la culture de la R\u00e9gion autonome Vall\u00e9e d\u2019Aoste, Emily Rini,<br \/>\net le Syndic de la Commune de Arvier, Mauro Lucianaz,<br \/>\nont le plaisir de vous inviter \u00e0 la c\u00e9r\u00e9monie de<br \/>\nl\u2019inauguration\u00a0de l\u2019ann\u00e9e scolaire 2014\/2015<br \/>\nqui aura lieu le jeudi 11 septembre 2014 \u00e0 9 h 30<br \/>\naupr\u00e8s de l\u2019\u00e9cole maternelle et primaire de Arvier 8\/10, rue Saint-Antoine &#8211; Arvier<\/p>\n","protected":false},"author":1,"featured_media":3712,"comment_status":"","ping_status":"open","sticky":false,"template":"","format":"standard","meta":{"footnotes":""},"categories":[39,1],"tags":[],"class_list":["post-3711","post","type-post","status-publish","format-standard","has-post-thumbnail","hentry","category-archivio","category-le-notizie"],"publishpress_future_action":{"enabled":false,"date":"2026-05-08 03:48:27","action":"category-add","newStatus":"draft","terms":[],"taxonomy":"category","extraData":[]},"publishpress_future_workflow_manual_trigger":{"enabledWorkflows":[]},"_links":{"self":[{"href":"https:\/\/arvier.eu\/fr\/wp-json\/wp\/v2\/posts\/3711","targetHints":{"allow":["GET"]}}],"collection":[{"href":"https:\/\/arvier.eu\/fr\/wp-json\/wp\/v2\/posts"}],"about":[{"href":"https:\/\/arvier.eu\/fr\/wp-json\/wp\/v2\/types\/post"}],"author":[{"embeddable":true,"href":"https:\/\/arvier.eu\/fr\/wp-json\/wp\/v2\/users\/1"}],"replies":[{"embeddable":true,"href":"https:\/\/arvier.eu\/fr\/wp-json\/wp\/v2\/comments?post=3711"}],"version-history":[{"count":0,"href":"https:\/\/arvier.eu\/fr\/wp-json\/wp\/v2\/posts\/3711\/revisions"}],"wp:featuredmedia":[{"embeddable":true,"href":"https:\/\/arvier.eu\/fr\/wp-json\/wp\/v2\/media\/3712"}],"wp:attachment":[{"href":"https:\/\/arvier.eu\/fr\/wp-json\/wp\/v2\/media?parent=3711"}],"wp:term":[{"taxonomy":"category","embeddable":true,"href":"https:\/\/arvier.eu\/fr\/wp-json\/wp\/v2\/categories?post=3711"},{"taxonomy":"post_tag","embeddable":true,"href":"https:\/\/arvier.eu\/fr\/wp-json\/wp\/v2\/tags?post=3711"}],"curies":[{"name":"wp","href":"https:\/\/api.w.org\/{rel}","templated":true}]}}