{"id":3851,"date":"2015-03-30T12:00:00","date_gmt":"2015-03-30T10:00:00","guid":{"rendered":"https:\/\/arvier.eu\/2015\/03\/30\/webcam\/"},"modified":"2015-03-30T12:00:00","modified_gmt":"2015-03-30T10:00:00","slug":"webcam","status":"publish","type":"post","link":"https:\/\/arvier.eu\/fr\/webcam\/","title":{"rendered":"Webcam"},"content":{"rendered":"<div style=\"text-align: center;\">\u00a0<\/div>\r\n<div style=\"text-align: center;\"><hr \/>\u00a0<\/div>\r\n<div style=\"text-align: center;\">\u00a0<\/div>\r\n<div style=\"text-align: center;\"><a href=\"webcamarvier\" title=\"Visualizza la webcam\"><img decoding=\"async\" src=\"https:\/\/www.arvier.eu\/images\/stories\/loghi\/Ico_WebCam.png\" alt=\"Ico WebCam\" \/><\/a><\/div>\r\n<div style=\"text-align: center;\">\u00a0<\/div>\r\n<p style=\"text-align: justify;\">Da oggi \u00e9 visualizzabile l&rsquo;immagine della webcam del comune di Arvier, che \u00e9 stata installata in prossimit\u00e0 del Santuario di Rochefort sul cucuzzolo che sovrasta il borgo di Leverogne.<\/p>\r\n<p style=\"text-align: justify;\">Inoltre sono consultabili le immagini archiviate dal solstizio d&rsquo;estate sino ad oggi, oltre 30.000 fotogrammi memorizzati ogni dieci minuti dalle 5:00 del mattino sino alle 22:00 della sera.<\/p>\r\n<div style=\"text-align: center;\">\u00a0<\/div>\r\n<div style=\"text-align: center;\"><img loading=\"lazy\" decoding=\"async\" src=\"https:\/\/www.arvier.eu\/images\/stories\/news2015\/Comune\/ArchivioWebcam.jpg\" alt=\"ArchivioWebcam\" width=\"480\" height=\"336\" \/><\/div>\r\n<div style=\"text-align: center;\">\u00a0<\/div>\r\n<div style=\"text-align: center;\">\u00a0<\/div>\r\n<div style=\"text-align: right;\">Buona visione.<\/div>\r\n<div style=\"text-align: center;\">\u00a0<\/div>","protected":false},"excerpt":{"rendered":"<p>\u00a0<br \/>\n\u00a0<br \/>\n\u00a0<\/p>\n<p>\u00a0<br \/>\nDa oggi \u00e9 visualizzabile l&rsquo;immagine della webcam del comune di Arvier, che \u00e9 stata installata in prossimit\u00e0 del Santuario di Rochefort sul cucuzzolo che sovrasta il borgo di Leverogne.<br \/>\nInoltre sono consultabili le immagini archiviate dal solstizio d&rsquo;estate sino ad oggi, oltre 30.000 fotogrammi memorizzati ogni dieci minuti dalle 5:00 del mattino sino alle 22:00 della sera.<br \/>\n\u00a0<\/p>\n<p>\u00a0<br \/>\n\u00a0<br \/>\nBuona visione.<br \/>\n\u00a0<\/p>\n","protected":false},"author":1,"featured_media":3852,"comment_status":"","ping_status":"open","sticky":false,"template":"","format":"standard","meta":{"footnotes":""},"categories":[39,1],"tags":[],"class_list":["post-3851","post","type-post","status-publish","format-standard","has-post-thumbnail","hentry","category-archivio","category-le-notizie"],"publishpress_future_action":{"enabled":false,"date":"2026-05-07 15:20:25","action":"category-add","newStatus":"draft","terms":[],"taxonomy":"category","extraData":[]},"publishpress_future_workflow_manual_trigger":{"enabledWorkflows":[]},"_links":{"self":[{"href":"https:\/\/arvier.eu\/fr\/wp-json\/wp\/v2\/posts\/3851","targetHints":{"allow":["GET"]}}],"collection":[{"href":"https:\/\/arvier.eu\/fr\/wp-json\/wp\/v2\/posts"}],"about":[{"href":"https:\/\/arvier.eu\/fr\/wp-json\/wp\/v2\/types\/post"}],"author":[{"embeddable":true,"href":"https:\/\/arvier.eu\/fr\/wp-json\/wp\/v2\/users\/1"}],"replies":[{"embeddable":true,"href":"https:\/\/arvier.eu\/fr\/wp-json\/wp\/v2\/comments?post=3851"}],"version-history":[{"count":0,"href":"https:\/\/arvier.eu\/fr\/wp-json\/wp\/v2\/posts\/3851\/revisions"}],"wp:featuredmedia":[{"embeddable":true,"href":"https:\/\/arvier.eu\/fr\/wp-json\/wp\/v2\/media\/3852"}],"wp:attachment":[{"href":"https:\/\/arvier.eu\/fr\/wp-json\/wp\/v2\/media?parent=3851"}],"wp:term":[{"taxonomy":"category","embeddable":true,"href":"https:\/\/arvier.eu\/fr\/wp-json\/wp\/v2\/categories?post=3851"},{"taxonomy":"post_tag","embeddable":true,"href":"https:\/\/arvier.eu\/fr\/wp-json\/wp\/v2\/tags?post=3851"}],"curies":[{"name":"wp","href":"https:\/\/api.w.org\/{rel}","templated":true}]}}