{"id":4009,"date":"2015-12-10T12:00:00","date_gmt":"2015-12-10T11:00:00","guid":{"rendered":"https:\/\/arvier.eu\/2015\/12\/10\/soiree-debat-sur-la-ligne-ferroviaire-aoste-pre-saint-didier\/"},"modified":"2015-12-10T12:00:00","modified_gmt":"2015-12-10T11:00:00","slug":"soiree-debat-sur-la-ligne-ferroviaire-aoste-pre-saint-didier","status":"publish","type":"post","link":"https:\/\/arvier.eu\/fr\/soiree-debat-sur-la-ligne-ferroviaire-aoste-pre-saint-didier\/","title":{"rendered":"Soir\u00e9e-d\u00e9bat sur la ligne ferroviaire AOSTE-PRE-SAINT-DIDIER"},"content":{"rendered":"<hr \/>\r\n<p style=\"text-align: center;\">Nous vous prions de bien vouloir participer \u00e0\u00a0 la<strong> soir\u00e9e-d\u00e9bat sur la ligne ferroviaire AOSTE-PRE-SAINT-DIDIER<\/strong> <br \/>qui se tiendra:<\/p>\r\n<p style=\"text-align: center;\"><strong><span style=\"background-color: #ffff00;\"> lundi 14 d\u00e9cembre 2015-\u00a0 20h30<\/span> <\/strong><\/p>\r\n<p style=\"text-align: center;\">dans la Salle Polyvalente de Arvier<\/p>\r\n<p style=\"text-align: center;\">Interviendront :<br \/>l\u2019Assesseur r\u00e9gional au Tourisme et Transports M. Aurelio MARGUERETTAZ <br \/>le conseiller r\u00e9gional repr\u00e9sentante des forces d\u2019oppositions Mme Patrizia MORELLI<br \/>et un technicien RFI<\/p>","protected":false},"excerpt":{"rendered":"<p>Nous vous prions de bien vouloir participer \u00e0\u00a0 la soir\u00e9e-d\u00e9bat sur la ligne ferroviaire AOSTE-PRE-SAINT-DIDIER qui se tiendra:<br \/>\n lundi 14 d\u00e9cembre 2015-\u00a0 20h30<br \/>\ndans la Salle Polyvalente de Arvier<br \/>\nInterviendront :l\u2019Assesseur r\u00e9gional au Tourisme et Transports M. Aurelio MARGUERETTAZ le conseiller r\u00e9gional repr\u00e9sentante des forces d\u2019oppositions Mme Patrizia MORELLIet un technicien RFI<\/p>\n","protected":false},"author":1,"featured_media":0,"comment_status":"","ping_status":"open","sticky":false,"template":"","format":"standard","meta":{"footnotes":""},"categories":[39,1],"tags":[],"class_list":["post-4009","post","type-post","status-publish","format-standard","hentry","category-archivio","category-le-notizie"],"publishpress_future_action":{"enabled":false,"date":"2026-05-08 04:27:47","action":"category-add","newStatus":"draft","terms":[],"taxonomy":"category","extraData":[]},"publishpress_future_workflow_manual_trigger":{"enabledWorkflows":[]},"_links":{"self":[{"href":"https:\/\/arvier.eu\/fr\/wp-json\/wp\/v2\/posts\/4009","targetHints":{"allow":["GET"]}}],"collection":[{"href":"https:\/\/arvier.eu\/fr\/wp-json\/wp\/v2\/posts"}],"about":[{"href":"https:\/\/arvier.eu\/fr\/wp-json\/wp\/v2\/types\/post"}],"author":[{"embeddable":true,"href":"https:\/\/arvier.eu\/fr\/wp-json\/wp\/v2\/users\/1"}],"replies":[{"embeddable":true,"href":"https:\/\/arvier.eu\/fr\/wp-json\/wp\/v2\/comments?post=4009"}],"version-history":[{"count":0,"href":"https:\/\/arvier.eu\/fr\/wp-json\/wp\/v2\/posts\/4009\/revisions"}],"wp:attachment":[{"href":"https:\/\/arvier.eu\/fr\/wp-json\/wp\/v2\/media?parent=4009"}],"wp:term":[{"taxonomy":"category","embeddable":true,"href":"https:\/\/arvier.eu\/fr\/wp-json\/wp\/v2\/categories?post=4009"},{"taxonomy":"post_tag","embeddable":true,"href":"https:\/\/arvier.eu\/fr\/wp-json\/wp\/v2\/tags?post=4009"}],"curies":[{"name":"wp","href":"https:\/\/api.w.org\/{rel}","templated":true}]}}