{"id":4405,"date":"2018-03-15T12:00:00","date_gmt":"2018-03-15T11:00:00","guid":{"rendered":"https:\/\/arvier.eu\/2018\/03\/15\/corso-coltivazione-del-noce-e-del-nocciolo\/"},"modified":"2018-03-15T12:00:00","modified_gmt":"2018-03-15T11:00:00","slug":"corso-coltivazione-del-noce-e-del-nocciolo","status":"publish","type":"post","link":"https:\/\/arvier.eu\/fr\/corso-coltivazione-del-noce-e-del-nocciolo\/","title":{"rendered":"Corso Coltivazione del Noce e del Nocciolo"},"content":{"rendered":"<hr \/>\r\n<p style=\"text-align: center;\"><\/p>\r\n<p style=\"text-align: center;\"><strong>VENERD\u00cc 6 APRILE &#8211; VENERD\u00cc 13 APRILE<\/strong><\/p>\r\n<p style=\"text-align: center;\">Sala Consiliare del Municipio di Arvier ore 20.30 (sopra la Farmacia)<\/p>\r\n<p style=\"text-align: center;\">Il corso sar\u00e0 attivato con un minimo di 20 iscritti, con priorit\u00e0 ai residenti di Arvier.<br \/>La quota di iscrizione \u00e8 pari a 10,00 Euro e <strong><span style=\"background-color: #ffff00;\">l<\/span><span style=\"background-color: #ffff00;\">e adesioni dovranno pervenire entro il <\/span><\/strong><br \/><strong><span style=\"background-color: #ffff00;\">30 marzo<\/span><\/strong> telefonando a Elide (0165.99119), Valeria (0165.99100 ore serali)<\/p>\r\n<p style=\"text-align: center;\">Scarica: <a href=\"https:\/\/www.arvier.eu\/2021\/images\/stories\/news2018\/biblioteca\/Locandinaagricoltura2018.pdf\">LA LOCANDINA<\/a><\/p>\r\n<p>\u00a0<\/p>","protected":false},"excerpt":{"rendered":"<p>VENERD\u00cc 6 APRILE &#8211; VENERD\u00cc 13 APRILE<br \/>\nSala Consiliare del Municipio di Arvier ore 20.30 (sopra la Farmacia)<br \/>\nIl corso sar\u00e0 attivato con un minimo di 20 iscritti, con priorit\u00e0 ai residenti di Arvier.La quota di iscrizione \u00e8 pari a 10,00 Euro e le adesioni dovranno pervenire entro il 30 marzo telefonando a Elide (0165.99119), Valeria (0165.99100 ore serali)<br \/>\nScarica: LA LOCANDINA<br \/>\n\u00a0<\/p>\n","protected":false},"author":1,"featured_media":4406,"comment_status":"","ping_status":"open","sticky":false,"template":"","format":"standard","meta":{"footnotes":""},"categories":[39,1],"tags":[],"class_list":["post-4405","post","type-post","status-publish","format-standard","has-post-thumbnail","hentry","category-archivio","category-le-notizie"],"publishpress_future_action":{"enabled":false,"date":"2026-05-08 08:24:45","action":"category-add","newStatus":"draft","terms":[],"taxonomy":"category","extraData":[]},"publishpress_future_workflow_manual_trigger":{"enabledWorkflows":[]},"_links":{"self":[{"href":"https:\/\/arvier.eu\/fr\/wp-json\/wp\/v2\/posts\/4405","targetHints":{"allow":["GET"]}}],"collection":[{"href":"https:\/\/arvier.eu\/fr\/wp-json\/wp\/v2\/posts"}],"about":[{"href":"https:\/\/arvier.eu\/fr\/wp-json\/wp\/v2\/types\/post"}],"author":[{"embeddable":true,"href":"https:\/\/arvier.eu\/fr\/wp-json\/wp\/v2\/users\/1"}],"replies":[{"embeddable":true,"href":"https:\/\/arvier.eu\/fr\/wp-json\/wp\/v2\/comments?post=4405"}],"version-history":[{"count":0,"href":"https:\/\/arvier.eu\/fr\/wp-json\/wp\/v2\/posts\/4405\/revisions"}],"wp:featuredmedia":[{"embeddable":true,"href":"https:\/\/arvier.eu\/fr\/wp-json\/wp\/v2\/media\/4406"}],"wp:attachment":[{"href":"https:\/\/arvier.eu\/fr\/wp-json\/wp\/v2\/media?parent=4405"}],"wp:term":[{"taxonomy":"category","embeddable":true,"href":"https:\/\/arvier.eu\/fr\/wp-json\/wp\/v2\/categories?post=4405"},{"taxonomy":"post_tag","embeddable":true,"href":"https:\/\/arvier.eu\/fr\/wp-json\/wp\/v2\/tags?post=4405"}],"curies":[{"name":"wp","href":"https:\/\/api.w.org\/{rel}","templated":true}]}}