{"id":4771,"date":"2020-03-06T12:00:00","date_gmt":"2020-03-06T11:00:00","guid":{"rendered":"https:\/\/arvier.eu\/2020\/03\/06\/avviso-alla-popolazione-27-03-2020\/"},"modified":"2020-03-06T12:00:00","modified_gmt":"2020-03-06T11:00:00","slug":"avviso-alla-popolazione-27-03-2020","status":"publish","type":"post","link":"https:\/\/arvier.eu\/fr\/avviso-alla-popolazione-27-03-2020\/","title":{"rendered":"Avviso alla popolazione 27-03-2020"},"content":{"rendered":"\r\n<p><span style=\"background-color: #ff6600;\"><\/span><\/p>\r\n<ul>\r\n<li>\r\n<p><em>Posso spostarmi?<\/em><br \/>Sono <span style=\"text-decoration: underline;\"><strong>vietati tutti gli spostamenti<\/strong><\/span>, con mezzi di trasporto pubblico o privato, in un Comune diverso da quello in cui ci si trova attualmente.<br \/>Gli spostamenti sono consentiti solo per esigenze indifferibili: per motivi sanitari o salute, per comprovate esigenze lavorative e per situazioni di assoluta urgenza. (Compilando l&rsquo;autodichiarazione)<\/p>\r\n<\/li>\r\n<li><em>Quale distanza devo tenere dalle altre persone?<br \/><\/em><strong><span style=\"text-decoration: underline;\">Almeno un metro.<\/span><\/strong><\/li>\r\n<\/ul>\r\n<ul>\r\n<li><em>Gli uffici comunali sono aperti?<\/em><br \/><span class=\"text_exposed_show\" style=\"display: inline; font-family: inherit;\">A partire dal 10 marzo 2020 \u00e8 consentito l\u2019accesso agli uffici comunali\u00a0<strong>esclusivamente<\/strong>\u00a0per la risoluzione di\u00a0<strong>problematiche urgenti e indifferibili<\/strong>, unicamente su\u00a0<strong>appuntamento<\/strong>\u00a0da fissare preventivamente chiamando il numero\u00a0<strong>0165\/929001<\/strong>\u00a0o inviando una richiesta mediante mail all\u2019indirizzo\u00a0<strong><a href=\"mailto:info@comune.arvier.ao.it.\">info@comune.arvier.ao.it.<\/a><\/strong><\/span>\u00a0Gli addetti comunali garantiranno l\u2019accesso agli uffici nel rispetto delle prescrizioni sanitarie.Allo stesso numero \u00e8 possibile rivolgersi per informazioni o altre richieste.Certo di un accresciuto senso civico collettivo, vi ringrazio per la collaborazione.<\/li>\r\n<\/ul>\r\n<ul>\r\n<li>L&rsquo;Ufficio Postale \u00e8 aperto?<br \/><span style=\"text-decoration: underline;\"><strong>S\u00ec<\/strong><\/span>, <span style=\"background-color: #ffff00;\">ad Arvier, il luned\u00ec, mercoled\u00ec e venerd\u00ec dalle ore 8:20 alle 13:45.<\/span><br \/>Recatevi allo sportello esclusivamente per necessit\u00e0 inderogabili.<\/li>\r\n<li>\r\n<p><em>Bar, gelaterie, pizzerie e ristoranti sono aperti?<br \/><\/em><strong><span style=\"text-decoration: underline;\">No sono chiusi.<\/span><span style=\"text-decoration: underline;\"><\/span><\/strong>Le attivit\u00e0 possono effettuare consegne a domicilio, mediante modalit\u00e0 che non prevedano contatti personali.<br \/><span style=\"background-color: #ffff00;\">Ad Arvier l&rsquo;<strong>Osteria del Viandante<\/strong> effettua il servizio di consegna pizza a domicilio dal mercoled\u00ec alla domenica dalle ore 19:00 alle ore 21:00.<\/span><\/p>\r\n<\/li>\r\n<li><em><em>Posso andare a fare la spesa?<br \/><\/em><\/em><span style=\"text-decoration: underline;\"><strong>S\u00ec<\/strong><\/span>, negozi di generi alimentari sono aperti, cos\u00ec come alcune attivit\u00e0 commerciali al dettaglio.<br \/><span style=\"background-color: #ffff00;\">Ad Arvier\u00a0<span style=\"background-color: #ffff00;\">la <strong>Ferramenta 2000<\/strong> \u00e8 aperta dal luned\u00ec al sabato (marted\u00ec chiusa) dalle 8:00 alle 12:30 e dalle 15:30 alle 19:00.<br \/><\/span><\/span><span style=\"background-color: #ffff00;\">Il\u00a0<strong>Crai<\/strong>\u00a0\u00e8 aperto, effettua anche consegne a domicilio e prepara la spesa da asporto<\/span>.<br \/>Deve essere sempre garantito il rispetto della distanza di un metro tra i clienti, anche con accessi contingentati.<br \/><span style=\"text-decoration: underline;\"><strong>Si raccomanda di fare la spesa nel proprio Comune<\/strong><\/span>, laddove possibile e laddove siano disponibili i prodotti, ai sensi del DPCM 22 marzo 2020.<\/li>\r\n<\/ul>\r\n<ul>\r\n<li><em><em>Le farmacie e parafarmacie sono aperte?<br \/><\/em><\/em><span style=\"text-decoration: underline;\"><strong>S\u00ec<\/strong><\/span>. <span style=\"background-color: #ffff00;\">La <strong>Farmacia di Arvier<\/strong> \u00e8 aperta dal luned\u00ec al sabato dalle ore 9:30 alle 12:30 e dalle ore 16:30 alle 19:30.<\/span><\/li>\r\n<li>\r\n<p><em>I corrieri per la consegna delle merci possono circolare?<br \/><\/em><span style=\"text-decoration: underline;\"><strong>S\u00ec<\/strong><\/span>.\u00a0<\/p>\r\n<\/li>\r\n<li>\r\n<p><em>Asili, scuole, universit\u00e0, biblioteche, centri culturali e musei sono aperti?<br \/><\/em><em>Piscine, palestre, terme, centri benessere, centri estetici, estetiste,tatuatori, piste di sci, discoteche, pub, sale giochi, sale da ballo, cinema e teatri sono aperti?<br \/>Posso andare a messa?<br \/><\/em><span style=\"text-decoration: underline;\"><strong>NO<\/strong><\/span>.\u00a0<strong>Tutte queste attivit\u00e0 sono chiuse o sospese.<\/strong><em><br \/><\/em><\/p>\r\n<\/li>\r\n<li>\r\n<p><em>Posso portare a spasso il cane? Posso fare attivit\u00e0 motoria all\u2019aperto??<br \/><\/em>\u00c8 possibile portare fuori casa l\u2019animale da compagnia, per le sue esigenze fisiologiche,<strong><span style=\"text-decoration: underline;\"> solo nei pressi della propria abitazione<\/span><\/strong>. L\u2019attivit\u00e0 motoria all\u2019esterno <span style=\"text-decoration: underline;\"><strong>non \u00e8 consentita<\/strong><\/span> (salvo per motivi di salute e nelle immediate vicinanze della propria abitazione).<\/p>\r\n<\/li>\r\n<li>\r\n<p><em>Posso andare a mangiare dai parenti? Posso organizzare un aperitivo o una cena con amici?\u00a0Posso invitare a casa gli amici di mio figlio a giocare?<\/em><br \/><span style=\"text-decoration: underline;\"><strong>NO<\/strong><\/span>, non si tratta di attivit\u00e0 e spostamenti necessari. La logica del decreto \u00e8 quella di evitare il pi\u00f9 possibile i contatti per evitare che il contagio si diffonda.<\/p>\r\n<\/li>\r\n<li>\r\n<p><em>Cosa devo fare se ho la febbre sopra i 37,5\u00b0C e\/o altri sintomi influenzali?<br \/><\/em><span style=\"text-decoration: underline;\"><strong>Chiamare il medico di base, oppure il 112,<\/strong><\/span> stare in casa e <span style=\"text-decoration: underline;\"><strong>NON<\/strong><\/span> andare al pronto soccorso e non recarsi presso gli ambulatori dei medici di base.<br \/>L\u2019attivit\u00e0 medica ambulatoriale \u00e8 svolta esclusivamente su appuntamento. Il medico potr\u00e0 inviare il numero della ricetta via e-mail, Sms, Whatsapp, a voce con il telefono o tramite il Fascicolo sanitario elettronico.<\/p>\r\n<\/li>\r\n<\/ul>\r\n<p>\u00a0<\/p>","protected":false},"excerpt":{"rendered":"<p>AVVISO ALLA POPOLAZIONE<br \/>\nMISURE URGENTI IN MATERIA DI CONTENIMENTO E GESTIONE DELL\u2019EMERGENZA EPIDEMIOLOGICA DA COVID-19Indicazioni aggiornate al DL 25 marzo 2020 (GU n. 79 del 25\/03\/2020) e valide dal 26 marzo 2020<br \/>\nCon l&#8217;emanazione del DCPM 22\/03\/2020 e del Decreto Legge 25 marzo 2020, sono state modificate le misure urgenti in materia di contenimento e gestione dell&#8217;emergenza epidemiologica da COVID-19 su tutto il territorio nazionale.<br \/>\nIn particolare, si evidenzia che l&rsquo;Ordinanza emanata il 22\/03\/2020 dai Ministeri della Salute e dell&rsquo;Interno VIETA a tutte le persone fisiche, di trasferirsi o spostarsi in comuni diversi da quello in cui ci si trova, se non per comprovate esigenze lavorative, di assoluta urgenza o per motivi di salute.<br \/>\nPer effettuare quindi degli spostamenti bisogner\u00e0 compilare il modulo per l\u2019autodichiarazione.<br \/>\nInasprimento delle sanzioni<\/p>\n<p>Salvo che il fatto costituisca pi\u00f9 grave reato (dichiarazioni mendaci), il mancato rispetto delle misure di contenimento individuate e applicate con i provedimenti adottati, \u00e8 punito con la sanzione amministrativa del pagamento di una somma da euro 400 a euro 3.000, se il mancato rispetto delle predette misure avviene mediante l&rsquo;utilizzo di un veicolo le sanzioni sono aumentate fino a un terzo.<br \/>\nIn caso di violazione commessa da cinema, musei, teatri, piscine, palestre, bar, ristoranti e esercizi commerciali (ecc&#8230;) si applica altres\u00ec la sanzione amministrativa accessoria della chiusura dell\u2019esercizio o dell\u2019attivit\u00e0 da 5 a 30 giorni.<br \/>\nLa violazione del divieto di allontanarsi dalla propria abitazione per le persone sottoposte alla quarantena in quanto positive al virus \u00e8 punita con l\u2019arresto da 3 mesi a 18 mesi e con l\u2019ammenda da euro 500 ad euro 5.000, salvo che il fatto non costituisca reato.<\/p>\n<p>\u00a0NUOVO\u00a0\u00a0Modulo autocertificazione compilabile.pdf<br \/>\nContinua a leggere.<\/p>\n","protected":false},"author":1,"featured_media":0,"comment_status":"","ping_status":"open","sticky":false,"template":"","format":"standard","meta":{"footnotes":""},"categories":[39,1],"tags":[],"class_list":["post-4771","post","type-post","status-publish","format-standard","hentry","category-archivio","category-le-notizie"],"publishpress_future_action":{"enabled":false,"date":"2026-05-09 06:54:41","action":"category-add","newStatus":"draft","terms":[],"taxonomy":"category","extraData":[]},"publishpress_future_workflow_manual_trigger":{"enabledWorkflows":[]},"_links":{"self":[{"href":"https:\/\/arvier.eu\/fr\/wp-json\/wp\/v2\/posts\/4771","targetHints":{"allow":["GET"]}}],"collection":[{"href":"https:\/\/arvier.eu\/fr\/wp-json\/wp\/v2\/posts"}],"about":[{"href":"https:\/\/arvier.eu\/fr\/wp-json\/wp\/v2\/types\/post"}],"author":[{"embeddable":true,"href":"https:\/\/arvier.eu\/fr\/wp-json\/wp\/v2\/users\/1"}],"replies":[{"embeddable":true,"href":"https:\/\/arvier.eu\/fr\/wp-json\/wp\/v2\/comments?post=4771"}],"version-history":[{"count":0,"href":"https:\/\/arvier.eu\/fr\/wp-json\/wp\/v2\/posts\/4771\/revisions"}],"wp:attachment":[{"href":"https:\/\/arvier.eu\/fr\/wp-json\/wp\/v2\/media?parent=4771"}],"wp:term":[{"taxonomy":"category","embeddable":true,"href":"https:\/\/arvier.eu\/fr\/wp-json\/wp\/v2\/categories?post=4771"},{"taxonomy":"post_tag","embeddable":true,"href":"https:\/\/arvier.eu\/fr\/wp-json\/wp\/v2\/tags?post=4771"}],"curies":[{"name":"wp","href":"https:\/\/api.w.org\/{rel}","templated":true}]}}