{"id":9804,"date":"2023-09-15T16:31:47","date_gmt":"2023-09-15T14:31:47","guid":{"rendered":"https:\/\/arvier.eu\/?p=9804"},"modified":"2023-09-21T14:53:54","modified_gmt":"2023-09-21T12:53:54","slug":"it-alert","status":"publish","type":"post","link":"https:\/\/arvier.eu\/fr\/it-alert\/","title":{"rendered":"IT-alert"},"content":{"rendered":"\n<figure class=\"wp-block-image size-large\"><img loading=\"lazy\" decoding=\"async\" width=\"1024\" height=\"1024\" src=\"https:\/\/arvier.eu\/wp-content\/uploads\/2023\/09\/b-1-1024x1024.jpg\" alt=\"\" class=\"wp-image-9807\" srcset=\"https:\/\/arvier.eu\/wp-content\/uploads\/2023\/09\/b-1-1024x1024.jpg 1024w, https:\/\/arvier.eu\/wp-content\/uploads\/2023\/09\/b-1-300x300.jpg 300w, https:\/\/arvier.eu\/wp-content\/uploads\/2023\/09\/b-1-150x150.jpg 150w, https:\/\/arvier.eu\/wp-content\/uploads\/2023\/09\/b-1-768x768.jpg 768w, https:\/\/arvier.eu\/wp-content\/uploads\/2023\/09\/b-1-80x80.jpg 80w, https:\/\/arvier.eu\/wp-content\/uploads\/2023\/09\/b-1-512x512.jpg 512w, https:\/\/arvier.eu\/wp-content\/uploads\/2023\/09\/b-1.jpg 1080w\" sizes=\"auto, (max-width: 1024px) 100vw, 1024px\" \/><\/figure>\n\n\n\n<p><img loading=\"lazy\" decoding=\"async\" height=\"16\" width=\"16\" src=\"https:\/\/static.xx.fbcdn.net\/images\/emoji.php\/v9\/tf3\/1\/16\/1f539.png\" alt=\"\ud83d\udd39\"> IT-alert \u00e8 il sistema di allarme pubblico che, nei casi di gravi emergenze permette ai fornitori dei servizi mobili di comunicazione di diffondere allarmi pubblici, attraverso la trasmissione di messaggi denominati \u201cMessaggi IT alert\u201d.<\/p>\n\n\n\n<p><img loading=\"lazy\" decoding=\"async\" height=\"16\" width=\"16\" src=\"https:\/\/static.xx.fbcdn.net\/images\/emoji.php\/v9\/t51\/1\/16\/1f449.png\" alt=\"\ud83d\udc49\"> In Valle d\u2019Aosta il sistema sar\u00e0 testato <strong>gioved\u00ec 21 settembre 2023 alle ore 12:00<\/strong>.<\/p>\n\n\n\n<p><img loading=\"lazy\" decoding=\"async\" height=\"16\" width=\"16\" alt=\"\u2139\" src=\"https:\/\/static.xx.fbcdn.net\/images\/emoji.php\/v9\/t8e\/1\/16\/2139.png\"> Durante il test tutti i dispositivi agganciati a celle di telefonia mobile nella Regione coinvolta dal test suoneranno contemporaneamente, emettendo un <a><\/a>suono distintivo diverso da quello delle normali notifiche del dispositivo.<\/p>\n\n\n\n<p><img loading=\"lazy\" decoding=\"async\" height=\"16\" width=\"16\" src=\"https:\/\/static.xx.fbcdn.net\/images\/emoji.php\/v9\/t8e\/1\/16\/2139.png\" alt=\"\u2139\"> Non \u00e8 necessario iscriversi ad alcun servizio n\u00e9 scaricare alcuna applicazione. Chi riceve il messaggio di test non dovr\u00e0 effettuare alcuna azione; tutti gli utenti sono invitati a procedere alla compilazione di un apposito questionario, le cui risultanze consentiranno di migliorare lo strumento \u201cIT-alert\u201d.<\/p>\n\n\n\n<figure class=\"wp-block-embed is-type-video is-provider-youtube wp-block-embed-youtube wp-embed-aspect-16-9 wp-has-aspect-ratio\"><div class=\"wp-block-embed__wrapper\">\n<iframe loading=\"lazy\" title=\"Cosa succeder\u00e0 durante il test del nuovo sistema di allerta nazionale IT-alert\" width=\"500\" height=\"281\" src=\"https:\/\/www.youtube.com\/embed\/_dSESvlNXd8?feature=oembed\" frameborder=\"0\" allow=\"accelerometer; autoplay; clipboard-write; encrypted-media; gyroscope; picture-in-picture; web-share\" referrerpolicy=\"strict-origin-when-cross-origin\" allowfullscreen><\/iframe>\n<\/div><\/figure>\n","protected":false},"excerpt":{"rendered":"<p>IT-alert \u00e8 il sistema di allarme pubblico che, nei casi di gravi emergenze permette ai fornitori dei servizi mobili di comunicazione di diffondere allarmi pubblici, attraverso la trasmissione di messaggi denominati \u201cMessaggi IT alert\u201d.<\/p>\n<p>In Valle d\u2019Aosta il sistema sar\u00e0 testato gioved\u00ec 21 settembre 2023 alle ore 12:00<\/p>\n","protected":false},"author":4,"featured_media":9805,"comment_status":"closed","ping_status":"open","sticky":false,"template":"","format":"standard","meta":{"footnotes":""},"categories":[1],"tags":[],"class_list":["post-9804","post","type-post","status-publish","format-standard","has-post-thumbnail","hentry","category-le-notizie"],"publishpress_future_action":{"enabled":false,"date":"2026-05-08 02:15:21","action":"category-add","newStatus":"draft","terms":[],"taxonomy":"category","extraData":[]},"publishpress_future_workflow_manual_trigger":{"enabledWorkflows":[]},"_links":{"self":[{"href":"https:\/\/arvier.eu\/fr\/wp-json\/wp\/v2\/posts\/9804","targetHints":{"allow":["GET"]}}],"collection":[{"href":"https:\/\/arvier.eu\/fr\/wp-json\/wp\/v2\/posts"}],"about":[{"href":"https:\/\/arvier.eu\/fr\/wp-json\/wp\/v2\/types\/post"}],"author":[{"embeddable":true,"href":"https:\/\/arvier.eu\/fr\/wp-json\/wp\/v2\/users\/4"}],"replies":[{"embeddable":true,"href":"https:\/\/arvier.eu\/fr\/wp-json\/wp\/v2\/comments?post=9804"}],"version-history":[{"count":0,"href":"https:\/\/arvier.eu\/fr\/wp-json\/wp\/v2\/posts\/9804\/revisions"}],"wp:featuredmedia":[{"embeddable":true,"href":"https:\/\/arvier.eu\/fr\/wp-json\/wp\/v2\/media\/9805"}],"wp:attachment":[{"href":"https:\/\/arvier.eu\/fr\/wp-json\/wp\/v2\/media?parent=9804"}],"wp:term":[{"taxonomy":"category","embeddable":true,"href":"https:\/\/arvier.eu\/fr\/wp-json\/wp\/v2\/categories?post=9804"},{"taxonomy":"post_tag","embeddable":true,"href":"https:\/\/arvier.eu\/fr\/wp-json\/wp\/v2\/tags?post=9804"}],"curies":[{"name":"wp","href":"https:\/\/api.w.org\/{rel}","templated":true}]}}